{"id":4691,"date":"2024-05-13T09:50:21","date_gmt":"2024-05-13T09:50:21","guid":{"rendered":"https:\/\/lasdecors.fr\/?p=4691"},"modified":"2025-02-21T09:44:32","modified_gmt":"2025-02-21T09:44:32","slug":"gestionnaire-des-stocks-et-du-magasin-h-f","status":"publish","type":"post","link":"https:\/\/lasdecors.fr\/en\/gestionnaire-des-stocks-et-du-magasin-h-f\/","title":{"rendered":"Stock and Store Manager (M\/F)"},"content":{"rendered":"<div data-elementor-type=\"wp-post\" data-elementor-id=\"4691\" class=\"elementor elementor-4691\" data-elementor-post-type=\"post\">\n\t\t\t\t<div class=\"elementor-element elementor-element-23f6aad e-flex e-con-boxed wpr-particle-no wpr-jarallax-no wpr-parallax-no wpr-sticky-section-no wpr-column-slider-no wpr-equal-height-no e-con e-parent\" data-id=\"23f6aad\" data-element_type=\"container\" data-e-type=\"container\">\n\t\t\t\t\t<div class=\"e-con-inner\">\n\t\t\t\t<div class=\"elementor-element elementor-element-99c602b elementor-widget elementor-widget-text-editor\" data-id=\"99c602b\" data-element_type=\"widget\" data-e-type=\"widget\" data-widget_type=\"text-editor.default\">\n\t\t\t\t<div class=\"elementor-widget-container\">\n\t\t\t\t\t\t\t\t\t<p>Dans un souci d\u2019optimisation de notre processus de production, nous recherchons <strong>un\/une Gestionnaire des Stocks et du Magasin<\/strong> au sein de sa structure <strong>ASD Production<\/strong>.<\/p>\t\t\t\t\t\t\t\t<\/div>\n\t\t\t\t<\/div>\n\t\t\t\t<div class=\"elementor-element elementor-element-74f5dcc elementor-widget elementor-widget-heading\" data-id=\"74f5dcc\" data-element_type=\"widget\" data-e-type=\"widget\" data-widget_type=\"heading.default\">\n\t\t\t\t<div class=\"elementor-widget-container\">\n\t\t\t\t\t<h2 class=\"elementor-heading-title elementor-size-default\">Notre ADN ?<\/h2>\t\t\t\t<\/div>\n\t\t\t\t<\/div>\n\t\t\t\t<div class=\"elementor-element elementor-element-9fc4b71 elementor-widget elementor-widget-text-editor\" data-id=\"9fc4b71\" data-element_type=\"widget\" data-e-type=\"widget\" data-widget_type=\"text-editor.default\">\n\t\t\t\t<div class=\"elementor-widget-container\">\n\t\t\t\t\t\t\t\t\t<p>Top 10 des agences fran\u00e7aises de <strong>Design &amp; Stand en France<\/strong>, L\u2019AS D\u00e9cors con\u00e7oit, fabrique et installe des stands et des am\u00e9nagements d\u2019espace. Notre \u00e9quipe est constitu\u00e9e de <strong>50 personnes<\/strong> qui coop\u00e8rent et s\u2019engagent en faveur de nos clients, du <strong>d\u00e9veloppement durable<\/strong>, de l\u2019<strong>am\u00e9lioration continue<\/strong> et l\u2019<strong>\u00e9thique<\/strong> telle que d\u00e9finie dans notre d\u00e9marche <strong>RSE<\/strong>.\u00a0<\/p>\t\t\t\t\t\t\t\t<\/div>\n\t\t\t\t<\/div>\n\t\t\t\t<div class=\"elementor-element elementor-element-ee552a8 elementor-widget elementor-widget-heading\" data-id=\"ee552a8\" data-element_type=\"widget\" data-e-type=\"widget\" data-widget_type=\"heading.default\">\n\t\t\t\t<div class=\"elementor-widget-container\">\n\t\t\t\t\t<h2 class=\"elementor-heading-title elementor-size-default\">Vos motivations ?<\/h2>\t\t\t\t<\/div>\n\t\t\t\t<\/div>\n\t\t\t\t<div class=\"elementor-element elementor-element-9cfcbde elementor-widget elementor-widget-text-editor\" data-id=\"9cfcbde\" data-element_type=\"widget\" data-e-type=\"widget\" data-widget_type=\"text-editor.default\">\n\t\t\t\t<div class=\"elementor-widget-container\">\n\t\t\t\t\t\t\t\t\t<p>Si, favoriser les conditions du travail des coll\u00e8gues (\u00e9quipes de montage) <strong>est ce qui vous motive en priorit\u00e9\u202f<\/strong>? Si pour vous professionnalisme rime avec <strong>organisation, rigueur, autonomie et collectif<\/strong>, alors nous avons un int\u00e9r\u00eat commun \u00e0 \u00e9changer sur votre projet de carri\u00e8re.<\/p>\t\t\t\t\t\t\t\t<\/div>\n\t\t\t\t<\/div>\n\t\t\t\t<div class=\"elementor-element elementor-element-588273b elementor-widget elementor-widget-heading\" data-id=\"588273b\" data-element_type=\"widget\" data-e-type=\"widget\" data-widget_type=\"heading.default\">\n\t\t\t\t<div class=\"elementor-widget-container\">\n\t\t\t\t\t<h2 class=\"elementor-heading-title elementor-size-default\">Vos missions principales ?<\/h2>\t\t\t\t<\/div>\n\t\t\t\t<\/div>\n\t\t\t\t<div class=\"elementor-element elementor-element-f144814 elementor-widget elementor-widget-text-editor\" data-id=\"f144814\" data-element_type=\"widget\" data-e-type=\"widget\" data-widget_type=\"text-editor.default\">\n\t\t\t\t<div class=\"elementor-widget-container\">\n\t\t\t\t\t\t\t\t\t<p>En tant que <strong>Gestionnaire de Stocks et magasin<\/strong> votre r\u00f4le est pr\u00e9pond\u00e9rant. Avec l\u2019appui du Coordinateur de Production, en collaboration avec les diff\u00e9rents p\u00f4les de l\u2019entreprise, vous contribuez activement \u00e0 l\u2019am\u00e9lioration de la performance globale de l\u2019entreprise.<br \/>\u2013 Pr\u00e9parer les exp\u00e9ditions pour les montages de stands (fiche d\u00e9part) <br \/>\u2013 Collaborer avec les p\u00f4les internes et les \u00e9quipe de production et anticiper les approvisionnements et besoins en stock <br \/>\u2013 R\u00e9ceptionner les livraisons fournisseurs, v\u00e9rifier leur conformit\u00e9 (qualit\u00e9\/quantit\u00e9) <br \/>\u2013 G\u00e9rer les retours fournisseurs, avec le p\u00f4le concern\u00e9<br \/>\u2013 G\u00e9rer et superviser les niveaux de stock pour \u00e9viter les ruptures ou les surplus <br \/>\u2013 R\u00e9aliser les inventaires <br \/>\u2013 Optimiser l&rsquo;espace de stockage et l&rsquo;organisation des entrep\u00f4ts et du magasin<br \/>\u2013 Mettre \u00e0 jour les bases de donn\u00e9es de stocks <br \/>\u2013 Optimiser les retours de stands et piloter la gestion des d\u00e9chets, selon l\u2019exigence de la normes ISO 20121 (RSE)<\/p>\t\t\t\t\t\t\t\t<\/div>\n\t\t\t\t<\/div>\n\t\t\t\t<div class=\"elementor-element elementor-element-1156cfe elementor-widget elementor-widget-heading\" data-id=\"1156cfe\" data-element_type=\"widget\" data-e-type=\"widget\" data-widget_type=\"heading.default\">\n\t\t\t\t<div class=\"elementor-widget-container\">\n\t\t\t\t\t<h2 class=\"elementor-heading-title elementor-size-default\">Votre profil ?<\/h2>\t\t\t\t<\/div>\n\t\t\t\t<\/div>\n\t\t\t\t<div class=\"elementor-element elementor-element-1d77207 elementor-widget elementor-widget-text-editor\" data-id=\"1d77207\" data-element_type=\"widget\" data-e-type=\"widget\" data-widget_type=\"text-editor.default\">\n\t\t\t\t<div class=\"elementor-widget-container\">\n\t\t\t\t\t\t\t\t\t<p>\u2013 Connaissance de l\u2019environnement de stockage <br \/>\u2013 Exp\u00e9rience dans la gestion de stock, de magasin ou un poste similaire<br \/>\u2013 Capacit\u00e9 \u00e0 respecter les d\u00e9lais <br \/>\u2013 Ma\u00eetrise des outils informatiques (MS Office, logiciels de gestion de stock) <br \/>\u2013 Responsable\u202f: vous aimez aller au bout des choses, savez reconnaitre vos limites pour les d\u00e9passer et ne dissimulez en aucun cas vos erreurs <br \/>\u2013 Communication interne \/ externe\u202f: vous travaillez en synergie et v\u00e9hiculez la meilleure image de l\u2019As D\u00e9cors <br \/>\u2013 Permis : VL, PL, CACES<\/p>\t\t\t\t\t\t\t\t<\/div>\n\t\t\t\t<\/div>\n\t\t\t\t\t<\/div>\n\t\t\t\t<\/div>\n\t\t<div class=\"elementor-element elementor-element-370f138 e-flex e-con-boxed wpr-particle-no wpr-jarallax-no wpr-parallax-no wpr-sticky-section-no wpr-column-slider-no wpr-equal-height-no e-con e-parent\" data-id=\"370f138\" data-element_type=\"container\" data-e-type=\"container\">\n\t\t\t\t\t<div class=\"e-con-inner\">\n\t\t<div class=\"elementor-element elementor-element-24e8c81 e-con-full e-flex wpr-particle-no wpr-jarallax-no wpr-parallax-no wpr-sticky-section-no wpr-column-slider-no wpr-equal-height-no e-con e-child\" data-id=\"24e8c81\" data-element_type=\"container\" data-e-type=\"container\">\n\t\t\t\t<div class=\"elementor-element elementor-element-f508312 elementor-widget elementor-widget-image\" data-id=\"f508312\" data-element_type=\"widget\" data-e-type=\"widget\" data-widget_type=\"image.default\">\n\t\t\t\t<div class=\"elementor-widget-container\">\n\t\t\t\t\t\t\t\t\t\t\t\t\t\t\t<img fetchpriority=\"high\" decoding=\"async\" width=\"800\" height=\"488\" src=\"https:\/\/lasdecors.fr\/wp-content\/uploads\/2024\/05\/Kiprun-Paris-mars-2024_1-1024x625.jpg\" class=\"attachment-large size-large wp-image-4668\" alt=\"\" srcset=\"https:\/\/lasdecors.fr\/wp-content\/uploads\/2024\/05\/Kiprun-Paris-mars-2024_1-1024x625.jpg 1024w, https:\/\/lasdecors.fr\/wp-content\/uploads\/2024\/05\/Kiprun-Paris-mars-2024_1-300x183.jpg 300w, https:\/\/lasdecors.fr\/wp-content\/uploads\/2024\/05\/Kiprun-Paris-mars-2024_1-768x469.jpg 768w, https:\/\/lasdecors.fr\/wp-content\/uploads\/2024\/05\/Kiprun-Paris-mars-2024_1-1536x938.jpg 1536w, https:\/\/lasdecors.fr\/wp-content\/uploads\/2024\/05\/Kiprun-Paris-mars-2024_1-2048x1250.jpg 2048w\" sizes=\"(max-width: 800px) 100vw, 800px\" title=\"\">\t\t\t\t\t\t\t\t\t\t\t\t\t\t\t<\/div>\n\t\t\t\t<\/div>\n\t\t\t\t<\/div>\n\t\t<div class=\"elementor-element elementor-element-1ce4118 e-con-full e-flex wpr-particle-no wpr-jarallax-no wpr-parallax-no wpr-sticky-section-no wpr-column-slider-no wpr-equal-height-no e-con e-child\" data-id=\"1ce4118\" data-element_type=\"container\" data-e-type=\"container\">\n\t\t\t\t<div class=\"elementor-element elementor-element-a775bc5 elementor-widget elementor-widget-image\" data-id=\"a775bc5\" data-element_type=\"widget\" data-e-type=\"widget\" data-widget_type=\"image.default\">\n\t\t\t\t<div class=\"elementor-widget-container\">\n\t\t\t\t\t\t\t\t\t\t\t\t\t\t\t<img decoding=\"async\" src=\"https:\/\/lasdecors.fr\/wp-content\/uploads\/2023\/12\/berner-retouche-scaled-e1702919257632.jpg\" title=\"\" alt=\"\" loading=\"lazy\">\t\t\t\t\t\t\t\t\t\t\t\t\t\t\t<\/div>\n\t\t\t\t<\/div>\n\t\t\t\t<\/div>\n\t\t<div class=\"elementor-element elementor-element-a80b84f e-con-full e-flex wpr-particle-no wpr-jarallax-no wpr-parallax-no wpr-sticky-section-no wpr-column-slider-no wpr-equal-height-no e-con e-child\" data-id=\"a80b84f\" data-element_type=\"container\" data-e-type=\"container\">\n\t\t\t\t<div class=\"elementor-element elementor-element-6f254cf elementor-widget elementor-widget-image\" data-id=\"6f254cf\" data-element_type=\"widget\" data-e-type=\"widget\" data-widget_type=\"image.default\">\n\t\t\t\t<div class=\"elementor-widget-container\">\n\t\t\t\t\t\t\t\t\t\t\t\t\t\t\t<img decoding=\"async\" width=\"800\" height=\"534\" src=\"https:\/\/lasdecors.fr\/wp-content\/uploads\/2023\/12\/B532028-1024x684.jpg\" class=\"attachment-large size-large wp-image-4317\" alt=\"\" srcset=\"https:\/\/lasdecors.fr\/wp-content\/uploads\/2023\/12\/B532028-1024x684.jpg 1024w, https:\/\/lasdecors.fr\/wp-content\/uploads\/2023\/12\/B532028-300x200.jpg 300w, https:\/\/lasdecors.fr\/wp-content\/uploads\/2023\/12\/B532028-768x513.jpg 768w, https:\/\/lasdecors.fr\/wp-content\/uploads\/2023\/12\/B532028-1536x1025.jpg 1536w, https:\/\/lasdecors.fr\/wp-content\/uploads\/2023\/12\/B532028-2048x1367.jpg 2048w\" sizes=\"(max-width: 800px) 100vw, 800px\" title=\"\">\t\t\t\t\t\t\t\t\t\t\t\t\t\t\t<\/div>\n\t\t\t\t<\/div>\n\t\t\t\t<\/div>\n\t\t<div class=\"elementor-element elementor-element-9f1630c e-con-full e-flex wpr-particle-no wpr-jarallax-no wpr-parallax-no wpr-sticky-section-no wpr-column-slider-no wpr-equal-height-no e-con e-child\" data-id=\"9f1630c\" data-element_type=\"container\" data-e-type=\"container\">\n\t\t\t\t<div class=\"elementor-element elementor-element-edae603 elementor-widget elementor-widget-image\" data-id=\"edae603\" data-element_type=\"widget\" data-e-type=\"widget\" data-widget_type=\"image.default\">\n\t\t\t\t<div class=\"elementor-widget-container\">\n\t\t\t\t\t\t\t\t\t\t\t\t\t\t\t<img decoding=\"async\" width=\"800\" height=\"534\" src=\"https:\/\/lasdecors.fr\/wp-content\/uploads\/2023\/10\/ADYEN-scaled-2-1024x683.jpg\" class=\"attachment-large size-large wp-image-2124\" alt=\"\" srcset=\"https:\/\/lasdecors.fr\/wp-content\/uploads\/2023\/10\/ADYEN-scaled-2-1024x683.jpg 1024w, https:\/\/lasdecors.fr\/wp-content\/uploads\/2023\/10\/ADYEN-scaled-2-300x200.jpg 300w, https:\/\/lasdecors.fr\/wp-content\/uploads\/2023\/10\/ADYEN-scaled-2-768x512.jpg 768w, https:\/\/lasdecors.fr\/wp-content\/uploads\/2023\/10\/ADYEN-scaled-2-1536x1024.jpg 1536w, https:\/\/lasdecors.fr\/wp-content\/uploads\/2023\/10\/ADYEN-scaled-2-2048x1366.jpg 2048w\" sizes=\"(max-width: 800px) 100vw, 800px\" title=\"\">\t\t\t\t\t\t\t\t\t\t\t\t\t\t\t<\/div>\n\t\t\t\t<\/div>\n\t\t\t\t<\/div>\n\t\t\t\t\t<\/div>\n\t\t\t\t<\/div>\n\t\t<div class=\"elementor-element elementor-element-f807d44 e-flex e-con-boxed wpr-particle-no wpr-jarallax-no wpr-parallax-no wpr-sticky-section-no wpr-column-slider-no wpr-equal-height-no e-con e-parent\" data-id=\"f807d44\" data-element_type=\"container\" data-e-type=\"container\">\n\t\t\t\t\t<div class=\"e-con-inner\">\n\t\t\t\t<div class=\"elementor-element elementor-element-f6ef1c2 elementor-widget elementor-widget-heading\" data-id=\"f6ef1c2\" data-element_type=\"widget\" data-e-type=\"widget\" data-widget_type=\"heading.default\">\n\t\t\t\t<div class=\"elementor-widget-container\">\n\t\t\t\t\t<h2 class=\"elementor-heading-title elementor-size-default\">Vos conditions d'embauche ?<\/h2>\t\t\t\t<\/div>\n\t\t\t\t<\/div>\n\t\t\t\t<div class=\"elementor-element elementor-element-500efd7 elementor-widget elementor-widget-text-editor\" data-id=\"500efd7\" data-element_type=\"widget\" data-e-type=\"widget\" data-widget_type=\"text-editor.default\">\n\t\t\t\t<div class=\"elementor-widget-container\">\n\t\t\t\t\t\t\t\t\t<p>\u2013 R\u00e9mun\u00e9ration \u00e0 discuter selon profil et exp\u00e9rience sur les missions propos\u00e9es <br \/>\u2013 \ud83d\udd55 CDI \u2013 41heures Hebdomadaires<br \/>\u2013 <strong>Statut :<\/strong> ETAM <br \/>\u2013 Date de d\u00e9marrage : au plus t\u00f4t <br \/>\u2013 <strong>Lieu\u202f:<\/strong> M\u00e9ru (60110) \/ Amblainville (60110)<br \/>\u2013 \ud83d\udcbb<strong> Ma\u00eetrise :<\/strong> Office 360, ERP, logiciel de gestion de stocks <br \/>\u2013 <strong>Avantages :<\/strong> Prime, Plan \u00c9pargne Entreprise, Compl\u00e9ment sant\u00e9 du BTP<\/p>\t\t\t\t\t\t\t\t<\/div>\n\t\t\t\t<\/div>\n\t\t\t\t\t<\/div>\n\t\t\t\t<\/div>\n\t\t<div class=\"elementor-element elementor-element-4e6ffc2 e-flex e-con-boxed wpr-particle-no wpr-jarallax-no wpr-parallax-no wpr-sticky-section-no wpr-column-slider-no wpr-equal-height-no e-con e-parent\" data-id=\"4e6ffc2\" data-element_type=\"container\" data-e-type=\"container\">\n\t\t\t\t\t<div class=\"e-con-inner\">\n\t\t\t\t<div class=\"elementor-element elementor-element-ba2aace elementor-widget elementor-widget-heading\" data-id=\"ba2aace\" data-element_type=\"widget\" data-e-type=\"widget\" data-widget_type=\"heading.default\">\n\t\t\t\t<div class=\"elementor-widget-container\">\n\t\t\t\t\t<h2 class=\"elementor-heading-title elementor-size-default\">Informations pratiques<\/h2>\t\t\t\t<\/div>\n\t\t\t\t<\/div>\n\t\t<div class=\"elementor-element elementor-element-6e01469 e-grid e-con-boxed wpr-particle-no wpr-jarallax-no wpr-parallax-no wpr-sticky-section-no wpr-column-slider-no wpr-equal-height-no e-con e-child\" data-id=\"6e01469\" data-element_type=\"container\" data-e-type=\"container\">\n\t\t\t\t\t<div class=\"e-con-inner\">\n\t\t\t\t<div class=\"elementor-element elementor-element-1a6ead0 elementor-widget elementor-widget-heading\" data-id=\"1a6ead0\" data-element_type=\"widget\" data-e-type=\"widget\" data-widget_type=\"heading.default\">\n\t\t\t\t<div class=\"elementor-widget-container\">\n\t\t\t\t\t<h3 class=\"elementor-heading-title elementor-size-default\">O\u00f9 se trouve ce poste ?<\/h3>\t\t\t\t<\/div>\n\t\t\t\t<\/div>\n\t\t\t\t<div class=\"elementor-element elementor-element-848d25b elementor-widget elementor-widget-heading\" data-id=\"848d25b\" data-element_type=\"widget\" data-e-type=\"widget\" data-widget_type=\"heading.default\">\n\t\t\t\t<div class=\"elementor-widget-container\">\n\t\t\t\t\t<h3 class=\"elementor-heading-title elementor-size-default\">Je postule \u00e0 cette offre !<\/h3>\t\t\t\t<\/div>\n\t\t\t\t<\/div>\n\t\t\t\t<div class=\"elementor-element elementor-element-b2ec55a elementor-widget elementor-widget-text-editor\" data-id=\"b2ec55a\" data-element_type=\"widget\" data-e-type=\"widget\" data-widget_type=\"text-editor.default\">\n\t\t\t\t<div class=\"elementor-widget-container\">\n\t\t\t\t\t\t\t\t\t<p>Ce poste est \u00e0 pouvoir pour le compte du groupe L\u2019AS D\u00e9cors au sein de sa structure <strong>ASD Production<\/strong>, \u00e0 M\u00e9ru (Oise).<\/p>\t\t\t\t\t\t\t\t<\/div>\n\t\t\t\t<\/div>\n\t\t\t\t<div class=\"elementor-element elementor-element-71d3e6a elementor-widget elementor-widget-text-editor\" data-id=\"71d3e6a\" data-element_type=\"widget\" data-e-type=\"widget\" data-widget_type=\"text-editor.default\">\n\t\t\t\t<div class=\"elementor-widget-container\">\n\t\t\t\t\t\t\t\t\t<p><strong>Vous correspondez \u00e0 notre recherche, alors qu\u2019est-ce que vous attendez pour envoyer votre candidature ?<\/strong><\/p>\t\t\t\t\t\t\t\t<\/div>\n\t\t\t\t<\/div>\n\t\t\t\t\t<\/div>\n\t\t\t\t<\/div>\n\t\t\t\t\t<\/div>\n\t\t\t\t<\/div>\n\t\t<div class=\"elementor-element elementor-element-ebb5269 e-grid e-con-boxed wpr-particle-no wpr-jarallax-no wpr-parallax-no wpr-sticky-section-no wpr-column-slider-no wpr-equal-height-no e-con e-parent\" data-id=\"ebb5269\" data-element_type=\"container\" data-e-type=\"container\">\n\t\t\t\t\t<div class=\"e-con-inner\">\n\t\t\t\t<div class=\"elementor-element elementor-element-56b9515 elementor-widget elementor-widget-google_maps\" data-id=\"56b9515\" data-element_type=\"widget\" data-e-type=\"widget\" data-widget_type=\"google_maps.default\">\n\t\t\t\t<div class=\"elementor-widget-container\">\n\t\t\t\t\t\t\t<div class=\"elementor-custom-embed\">\n\t\t\t<iframe loading=\"lazy\"\n\t\t\t\t\tsrc=\"https:\/\/maps.google.com\/maps?q=L%27ASD%20Production&#038;t=m&#038;z=10&#038;output=embed&#038;iwloc=near\"\n\t\t\t\t\ttitle=\"L&#039;ASD Production\"\n\t\t\t\t\taria-label=\"L&#039;ASD Production\"\n\t\t\t><\/iframe>\n\t\t<\/div>\n\t\t\t\t\t\t<\/div>\n\t\t\t\t<\/div>\n\t\t\t\t<div class=\"elementor-element elementor-element-79a6c8f elementor-align-center elementor-widget elementor-widget-button\" data-id=\"79a6c8f\" data-element_type=\"widget\" data-e-type=\"widget\" data-widget_type=\"button.default\">\n\t\t\t\t<div class=\"elementor-widget-container\">\n\t\t\t\t\t\t\t\t\t<div class=\"elementor-button-wrapper\">\n\t\t\t\t\t<a class=\"elementor-button elementor-button-link elementor-size-sm\" href=\"mailto:rh@lasdecors.com\">\n\t\t\t\t\t\t<span class=\"elementor-button-content-wrapper\">\n\t\t\t\t\t\t\t\t\t<span class=\"elementor-button-text\">Postuler !<\/span>\n\t\t\t\t\t<\/span>\n\t\t\t\t\t<\/a>\n\t\t\t\t<\/div>\n\t\t\t\t\t\t\t\t<\/div>\n\t\t\t\t<\/div>\n\t\t\t\t\t<\/div>\n\t\t\t\t<\/div>\n\t\t\t\t<\/div>","protected":false},"excerpt":{"rendered":"<p>Dans un souci d\u2019optimisation de notre processus de production, nous recherchons un\/une Gestionnaire des Stocks et du Magasin au sein de sa structure ASD Production. Notre ADN ? Top 10 des agences fran\u00e7aises de Design &amp; Stand en France, L\u2019AS D\u00e9cors con\u00e7oit, fabrique et installe des stands et des am\u00e9nagements d\u2019espace. Notre \u00e9quipe est constitu\u00e9e de 50 personnes qui coop\u00e8rent et s\u2019engagent en faveur de nos clients, du d\u00e9veloppement durable, de l\u2019am\u00e9lioration continue et l\u2019\u00e9thique telle que d\u00e9finie dans notre d\u00e9marche RSE.\u00a0 Vos motivations ? Si, favoriser les conditions du travail des coll\u00e8gues (\u00e9quipes de montage) est ce qui vous motive en priorit\u00e9\u202f? Si pour vous professionnalisme rime avec organisation, rigueur, autonomie et collectif, alors nous avons un int\u00e9r\u00eat commun \u00e0 \u00e9changer sur votre projet de carri\u00e8re. Vos missions principales ? En tant que Gestionnaire de Stocks et magasin votre r\u00f4le est pr\u00e9pond\u00e9rant. Avec l\u2019appui du Coordinateur de Production, en collaboration avec les diff\u00e9rents p\u00f4les de l\u2019entreprise, vous contribuez activement \u00e0 l\u2019am\u00e9lioration de la performance globale de l\u2019entreprise.\u2013 Pr\u00e9parer les exp\u00e9ditions pour les montages de stands (fiche d\u00e9part) \u2013 Collaborer avec les p\u00f4les internes et les \u00e9quipe de production et anticiper les approvisionnements et besoins en stock \u2013 R\u00e9ceptionner les livraisons fournisseurs, v\u00e9rifier leur conformit\u00e9 (qualit\u00e9\/quantit\u00e9) \u2013 G\u00e9rer les retours fournisseurs, avec le p\u00f4le concern\u00e9\u2013 G\u00e9rer et superviser les niveaux de stock pour \u00e9viter les ruptures ou les surplus \u2013 R\u00e9aliser les inventaires \u2013 Optimiser l&rsquo;espace de stockage et l&rsquo;organisation des entrep\u00f4ts et du magasin\u2013 Mettre \u00e0 jour les bases de donn\u00e9es de stocks \u2013 Optimiser les retours de stands et piloter la gestion des d\u00e9chets, selon l\u2019exigence de la normes ISO 20121 (RSE) Votre profil ? \u2013 Connaissance de l\u2019environnement de stockage \u2013 Exp\u00e9rience dans la gestion de stock, de magasin ou un poste similaire\u2013 Capacit\u00e9 \u00e0 respecter les d\u00e9lais \u2013 Ma\u00eetrise des outils informatiques (MS Office, logiciels de gestion de stock) \u2013 Responsable\u202f: vous aimez aller au bout des choses, savez reconnaitre vos limites pour les d\u00e9passer et ne dissimulez en aucun cas vos erreurs \u2013 Communication interne \/ externe\u202f: vous travaillez en synergie et v\u00e9hiculez la meilleure image de l\u2019As D\u00e9cors \u2013 Permis : VL, PL, CACES Vos conditions d&#8217;embauche ? \u2013 R\u00e9mun\u00e9ration \u00e0 discuter selon profil et exp\u00e9rience sur les missions propos\u00e9es \u2013 ???? CDI \u2013 41heures Hebdomadaires\u2013 Statut : ETAM \u2013 Date de d\u00e9marrage : au plus t\u00f4t \u2013 Lieu\u202f: M\u00e9ru (60110) \/ Amblainville (60110)\u2013 ???? Ma\u00eetrise : Office 360, ERP, logiciel de gestion de stocks \u2013 Avantages : Prime, Plan \u00c9pargne Entreprise, Compl\u00e9ment sant\u00e9 du BTP Informations pratiques O\u00f9 se trouve ce poste ? Je postule \u00e0 cette offre ! Ce poste est \u00e0 pouvoir pour le compte du groupe L\u2019AS D\u00e9cors au sein de sa structure ASD Production, \u00e0 M\u00e9ru (Oise). Vous correspondez \u00e0 notre recherche, alors qu\u2019est-ce que vous attendez pour envoyer votre candidature ? Postuler !<\/p>","protected":false},"author":2,"featured_media":5127,"comment_status":"closed","ping_status":"open","sticky":false,"template":"","format":"standard","meta":{"_acf_changed":false,"footnotes":""},"categories":[18],"tags":[],"post_folder":[48],"class_list":["post-4691","post","type-post","status-publish","format-standard","has-post-thumbnail","hentry","category-offre-demploi"],"acf":[],"_links":{"self":[{"href":"https:\/\/lasdecors.fr\/en\/wp-json\/wp\/v2\/posts\/4691","targetHints":{"allow":["GET"]}}],"collection":[{"href":"https:\/\/lasdecors.fr\/en\/wp-json\/wp\/v2\/posts"}],"about":[{"href":"https:\/\/lasdecors.fr\/en\/wp-json\/wp\/v2\/types\/post"}],"author":[{"embeddable":true,"href":"https:\/\/lasdecors.fr\/en\/wp-json\/wp\/v2\/users\/2"}],"replies":[{"embeddable":true,"href":"https:\/\/lasdecors.fr\/en\/wp-json\/wp\/v2\/comments?post=4691"}],"version-history":[{"count":0,"href":"https:\/\/lasdecors.fr\/en\/wp-json\/wp\/v2\/posts\/4691\/revisions"}],"wp:featuredmedia":[{"embeddable":true,"href":"https:\/\/lasdecors.fr\/en\/wp-json\/wp\/v2\/media\/5127"}],"wp:attachment":[{"href":"https:\/\/lasdecors.fr\/en\/wp-json\/wp\/v2\/media?parent=4691"}],"wp:term":[{"taxonomy":"category","embeddable":true,"href":"https:\/\/lasdecors.fr\/en\/wp-json\/wp\/v2\/categories?post=4691"},{"taxonomy":"post_tag","embeddable":true,"href":"https:\/\/lasdecors.fr\/en\/wp-json\/wp\/v2\/tags?post=4691"},{"taxonomy":"post_folder","embeddable":true,"href":"https:\/\/lasdecors.fr\/en\/wp-json\/wp\/v2\/post_folder?post=4691"}],"curies":[{"name":"wp","href":"https:\/\/api.w.org\/{rel}","templated":true}]}}