{"id":5458,"date":"2025-11-14T13:50:03","date_gmt":"2025-11-14T13:50:03","guid":{"rendered":"https:\/\/lasdecors.fr\/?p=5458"},"modified":"2026-08-21T07:23:10","modified_gmt":"2026-08-21T07:23:10","slug":"standiste-pour-la-japan-expo-lasdecors","status":"publish","type":"post","link":"https:\/\/lasdecors.fr\/en\/standiste-pour-la-japan-expo-lasdecors\/","title":{"rendered":"La Japan Expo 2027"},"content":{"rendered":"<div data-elementor-type=\"wp-post\" data-elementor-id=\"5458\" class=\"elementor elementor-5458\" data-elementor-post-type=\"post\">\n\t\t\t\t<div class=\"elementor-element elementor-element-211233d e-con e-atomic-element e-flexbox-base e-80b5615\" data-id=\"211233d\" data-element_type=\"e-flexbox\" data-e-type=\"e-flexbox\" data-interaction-id=\"211233d\">\n    \t\t\t<h2 data-interaction-id=\"bd89d25\" class=\"e-bd89d25-39ad41a e-heading-base\">L'AS D\u00c9CORE : VOTRE STANDISTE POUR LA JAPAN EXPO<\/h2>\n\t\t\t\t\t<p class=\"e-paragraph-base\" data-interaction-id=\"2ef2a67\">Vous recherchez un standiste pour la<strong id=\"e-mrn7dcra-gujj8e1\"> <\/strong><a target=\"_self\" href=\"https:\/\/paris.japan-expo.com\/fr\" id=\"e-mrn7dcra-4vu4tyc\" rel=\"noopener\"><strong id=\"e-mrn7dcra-gztapp7\"><u id=\"e-mrn7dcra-d6znbiz\">Japan Expo<\/u><\/strong><\/a> capable de concevoir un espace d\u2019exposition unique et immersif ? L'As D\u00e9cors vous accompagne de la cr\u00e9ation \u00e0 l'installation de votre stand sur mesure pour capter l\u2019attention des milliers de passionn\u00e9s de pop culture asiatique au Parc des Expositions de Paris-Nord Villepinte.<\/p>\n\t\t\n<\/div>\n<div class=\"elementor-element elementor-element-d1eec01 e-flex e-con-boxed wpr-particle-no wpr-jarallax-no wpr-parallax-no wpr-sticky-section-no wpr-column-slider-no wpr-equal-height-no e-con e-parent\" data-id=\"d1eec01\" data-element_type=\"container\" data-e-type=\"container\">\n\t\t\t\t\t<div class=\"e-con-inner\">\n\t\t\t\t<div class=\"elementor-element elementor-element-244f35d elementor-widget elementor-widget-heading\" data-id=\"244f35d\" data-element_type=\"widget\" data-e-type=\"widget\" data-widget_type=\"heading.default\">\n\t\t\t\t<div class=\"elementor-widget-container\">\n\t\t\t\t\t<h2 class=\"elementor-heading-title elementor-size-default\">Qu\u2019est-ce que la Japan Expo ?<\/h2>\t\t\t\t<\/div>\n\t\t\t\t<\/div>\n\t\t\t\t\t<p class=\"e-paragraph-base\" data-interaction-id=\"3d3224a\">La <a target=\"_self\" href=\"https:\/\/paris.japan-expo.com\" id=\"e-mrn7hc8o-oim0l6b\" rel=\"noopener\"><strong id=\"e-mrn7hc8o-utg99q9\"><u id=\"e-mrn7hc8o-x2328fr\">Japan Expo<\/u><\/strong><\/a> est le plus grand \u00e9v\u00e9nement europ\u00e9en d\u00e9di\u00e9 \u00e0 la culture japonaise et \u00e0 la pop culture asiatique. Chaque ann\u00e9e \u00e0 Paris, ce salon d'envergure internationale attire des centaines d'exposants professionnels et des milliers de visiteurs passionn\u00e9s de manga, d\u2019anime, de jeux vid\u00e9o, de cosplay, de musique traditionnelle, de J-pop ou encore de gastronomie nippone. C'est un carrefour culturel et commercial incontournable qui s'\u00e9tend sur plusieurs halls d'exposition.<br>Pour les marques, les \u00e9diteurs, les jeunes cr\u00e9ateurs et les entreprises de la tech, c'est une opportunit\u00e9 unique de capter une audience extr\u00eamement engag\u00e9e, curieuse et pr\u00eate \u00e0 consommer. Pour vous d\u00e9marquer dans cet univers visuellement riche et haut en couleurs, faire appel \u00e0 un standiste pour la Japan Expo exp\u00e9riment\u00e9 est essentiel. L\u2019As D\u00e9cors, votre agence de design de stand, met \u00e0 votre service son expertise dans la cr\u00e9ation d\u2019espaces immersifs, esth\u00e9tiques et m\u00e9morables pour marquer les esprits des visiteurs.<\/p>\n\t\t\t\t\t<\/div>\n\t\t\t\t<\/div>\n\t\t<div class=\"elementor-element elementor-element-85b6e20 e-flex e-con-boxed wpr-particle-no wpr-jarallax-no wpr-parallax-no wpr-sticky-section-no wpr-column-slider-no wpr-equal-height-no e-con e-parent\" data-id=\"85b6e20\" data-element_type=\"container\" data-e-type=\"container\">\n\t\t\t\t\t<div class=\"e-con-inner\">\n\t\t\t\t<div class=\"elementor-element elementor-element-64d1824 elementor-widget elementor-widget-heading\" data-id=\"64d1824\" data-element_type=\"widget\" data-e-type=\"widget\" data-widget_type=\"heading.default\">\n\t\t\t\t<div class=\"elementor-widget-container\">\n\t\t\t\t\t<h2 class=\"elementor-heading-title elementor-size-default\">Pourquoi exposer \u00e0 Japan Expo ?<\/h2>\t\t\t\t<\/div>\n\t\t\t\t<\/div>\n\t\t\t\t<div class=\"elementor-element elementor-element-dbeedcd elementor-widget elementor-widget-text-editor\" data-id=\"dbeedcd\" data-element_type=\"widget\" data-e-type=\"widget\" data-widget_type=\"text-editor.default\">\n\t\t\t\t<div class=\"elementor-widget-container\">\n\t\t\t\t\t\t\t\t\t<p data-path-to-node=\"11\">Participer \u00e0 cet \u00e9v\u00e9nement va bien au-del\u00e0 d&rsquo;une simple pr\u00e9sence sur un salon professionnel classique. Exposer \u00e0 la Japan Expo, c\u2019est int\u00e9grer une communaut\u00e9 fid\u00e8le, passionn\u00e9e et particuli\u00e8rement dynamique, toujours \u00e0 la recherche d\u2019exclusivit\u00e9s et de d\u00e9couvertes. Que vous soyez un \u00e9diteur de manga de renom, une marque de figurines et de goodies, un studio de d\u00e9veloppement de jeux vid\u00e9o ou un acteur majeur de la gastronomie asiatique, ce salon vous offre un acc\u00e8s direct et privil\u00e9gi\u00e9 \u00e0 votre public cible.<\/p><p data-path-to-node=\"12\">Dans ce contexte, exposer au salon vous permet de remplir plusieurs objectifs strat\u00e9giques :<\/p><ul data-path-to-node=\"13\"><li><p data-path-to-node=\"13,0,0\"><b data-path-to-node=\"13,0,0\" data-index-in-node=\"0\">D\u00e9velopper votre visibilit\u00e9<\/b> de marque de mani\u00e8re exponentielle aupr\u00e8s de dizaines de milliers de visiteurs uniques chaque jour.<\/p><\/li><li><p data-path-to-node=\"13,1,0\"><b data-path-to-node=\"13,1,0\" data-index-in-node=\"0\">Lancer vos nouveaux produits<\/b>, vos nouvelles licences de manga ou vos derni\u00e8res cr\u00e9ations de jeux vid\u00e9o dans des conditions optimales de d\u00e9monstration.<\/p><\/li><li><p data-path-to-node=\"13,2,0\"><b data-path-to-node=\"13,2,0\" data-index-in-node=\"0\">Cr\u00e9er un lien physique et direct<\/b> avec vos communaut\u00e9s de fans et vos clients pour fid\u00e9liser votre audience.<\/p><\/li><li><p data-path-to-node=\"13,3,0\"><b data-path-to-node=\"13,3,0\" data-index-in-node=\"0\">Valoriser votre univers de marque<\/b> unique \u00e0 travers un espace enti\u00e8rement sc\u00e9nographi\u00e9 et d\u00e9di\u00e9 \u00e0 votre propre storytelling.<\/p><\/li><\/ul><p data-path-to-node=\"14\">Pour toutes les marques en qu\u00eate d&rsquo;impact, l&rsquo;am\u00e9nagement de votre espace doit \u00eatre pens\u00e9 pour g\u00e9n\u00e9rer du flux tout en respectant l&rsquo;identit\u00e9 visuelle de votre catalogue. Un stand percutant devient ainsi un levier commercial redoutable.<\/p>\t\t\t\t\t\t\t\t<\/div>\n\t\t\t\t<\/div>\n\t\t\t\t\t<\/div>\n\t\t\t\t<\/div>\n\t\t<div class=\"elementor-element elementor-element-6592d4b e-flex e-con-boxed wpr-particle-no wpr-jarallax-no wpr-parallax-no wpr-sticky-section-no wpr-column-slider-no wpr-equal-height-no e-con e-parent\" data-id=\"6592d4b\" data-element_type=\"container\" data-e-type=\"container\">\n\t\t\t\t\t<div class=\"e-con-inner\">\n\t\t\t\t<div class=\"elementor-element elementor-element-230608d elementor-widget elementor-widget-heading\" data-id=\"230608d\" data-element_type=\"widget\" data-e-type=\"widget\" data-widget_type=\"heading.default\">\n\t\t\t\t<div class=\"elementor-widget-container\">\n\t\t\t\t\t<h2 class=\"elementor-heading-title elementor-size-default\">L\u2019As D\u00e9cors, L'agence de design de stand qui donne vie \u00e0 votre univers<\/h2>\t\t\t\t<\/div>\n\t\t\t\t<\/div>\n\t\t\t\t<div class=\"elementor-element elementor-element-2564ab0 elementor-widget elementor-widget-text-editor\" data-id=\"2564ab0\" data-element_type=\"widget\" data-e-type=\"widget\" data-widget_type=\"text-editor.default\">\n\t\t\t\t<div class=\"elementor-widget-container\">\n\t\t\t\t\t\t\t\t\t<p data-path-to-node=\"17\">Chez L\u2019As D\u00e9cors, nous savons que chaque marque poss\u00e8de un univers qui lui est propre. C&rsquo;est d&rsquo;autant plus vrai \u00e0 la Japan Expo, o\u00f9 l\u2019\u00e9motion visuelle, la surprise et l\u2019exp\u00e9rience client immersive sont les cl\u00e9s du succ\u00e8s. En tant qu\u2019agence de design et <b data-path-to-node=\"17\" data-index-in-node=\"253\">standiste pour la Japan Expo<\/b>, nous traduisons votre ADN de marque en volumes et en textures pour en faire un espace de rencontre captivant.<\/p><p data-path-to-node=\"18\">Nos \u00e9quipes pluridisciplinaires vous accompagnent de bout en bout dans votre projet \u00e9v\u00e9nementiel :<\/p><ul data-path-to-node=\"19\"><li><p data-path-to-node=\"19,0,0\"><b data-path-to-node=\"19,0,0\" data-index-in-node=\"0\">Conception et design sur mesure :<\/b> R\u00e9daction de concepts originaux adapt\u00e9s aux sp\u00e9cificit\u00e9s de la culture geek et japonaise.<\/p><\/li><li><p data-path-to-node=\"19,1,0\"><b data-path-to-node=\"19,1,0\" data-index-in-node=\"0\">Mod\u00e9lisation 3D avanc\u00e9e :<\/b> Visualisation r\u00e9aliste de votre stand d&rsquo;exposition avant m\u00eame le d\u00e9but de sa fabrication.<\/p><\/li><li><p data-path-to-node=\"19,2,0\"><b data-path-to-node=\"19,2,0\" data-index-in-node=\"0\">Fabrication fran\u00e7aise de qualit\u00e9 :<\/b> Production soign\u00e9e de vos structures au sein de nos propres ateliers situ\u00e9s en France.<\/p><\/li><li><p data-path-to-node=\"19,3,0\"><b data-path-to-node=\"19,3,0\" data-index-in-node=\"0\">Logistique globale et montage sur site :<\/b> Prise en charge compl\u00e8te du transport, de l&rsquo;installation et du d\u00e9montage au Parc des Expositions de Villepinte.<\/p><\/li><\/ul><p data-path-to-node=\"20\">De plus, nos stands haut de gamme sont con\u00e7us pour \u00eatre durables dans le temps, facilement stockables et r\u00e9utilisables lors de vos futurs salons ou conventions. Notre engagement \u00e9co-responsable est certifi\u00e9 par la norme ISO 20121, ce qui vous garantit une gestion durable de vos projets d&rsquo;exposition. Travailler avec L&rsquo;As D\u00e9cors comme <b data-path-to-node=\"20\" data-index-in-node=\"335\">standiste pour la Japan Expo<\/b>, c&rsquo;est l&rsquo;assurance d&rsquo;allier performance commerciale, design percutant et responsabilit\u00e9 environnementale pour briller sur la sc\u00e8ne de la pop culture.<\/p>\t\t\t\t\t\t\t\t<\/div>\n\t\t\t\t<\/div>\n\t\t\t\t\t<\/div>\n\t\t\t\t<\/div>\n\t\t<div class=\"elementor-element elementor-element-845f98e e-flex e-con-boxed wpr-particle-no wpr-jarallax-no wpr-parallax-no wpr-sticky-section-no wpr-column-slider-no wpr-equal-height-no e-con e-parent\" data-id=\"845f98e\" data-element_type=\"container\" data-e-type=\"container\">\n\t\t\t\t\t<div class=\"e-con-inner\">\n\t\t\t\t<div class=\"elementor-element elementor-element-74cc7e4 elementor-widget elementor-widget-heading\" data-id=\"74cc7e4\" data-element_type=\"widget\" data-e-type=\"widget\" data-widget_type=\"heading.default\">\n\t\t\t\t<div class=\"elementor-widget-container\">\n\t\t\t\t\t<h2 class=\"elementor-heading-title elementor-size-default\">Ce que nous avons d\u00e9j\u00e0 r\u00e9alis\u00e9 sur la japan expo<\/h2>\t\t\t\t<\/div>\n\t\t\t\t<\/div>\n\t\t\t\t<div class=\"elementor-element elementor-element-2595416 gallery-spacing-custom elementor-widget elementor-widget-image-gallery\" data-id=\"2595416\" data-element_type=\"widget\" data-e-type=\"widget\" data-widget_type=\"image-gallery.default\">\n\t\t\t\t<div class=\"elementor-widget-container\">\n\t\t\t\t\t\t\t<div class=\"elementor-image-gallery\">\n\t\t\t<div id='gallery-1' class='gallery galleryid-5458 gallery-columns-2 gallery-size-2048x2048'><figure class='gallery-item'>\n\t\t\t<div class='gallery-icon landscape'>\n\t\t\t\t<a data-elementor-open-lightbox=\"yes\" data-elementor-lightbox-slideshow=\"2595416\" data-elementor-lightbox-title=\"RUE DE SEVRE_1\" data-e-action-hash=\"#elementor-action%3Aaction%3Dlightbox%26settings%3DeyJpZCI6Nzc3NiwidXJsIjoiaHR0cHM6XC9cL2xhc2RlY29ycy5mclwvd3AtY29udGVudFwvdXBsb2Fkc1wvMjAyNlwvMDdcL1JVRS1ERS1TRVZSRV8xLnBuZyIsInNsaWRlc2hvdyI6IjI1OTU0MTYifQ%3D%3D\" href=\"https:\/\/lasdecors.fr\/wp-content\/uploads\/2026\/07\/RUE-DE-SEVRE_1.png\"><img fetchpriority=\"high\" width=\"2048\" height=\"1365\" src=\"https:\/\/lasdecors.fr\/wp-content\/uploads\/2026\/07\/RUE-DE-SEVRE_1.png\" class=\"attachment-2048x2048 size-2048x2048\" alt=\"\" decoding=\"async\" srcset=\"https:\/\/lasdecors.fr\/wp-content\/uploads\/2026\/07\/RUE-DE-SEVRE_1.png 8256w, https:\/\/lasdecors.fr\/wp-content\/uploads\/2026\/07\/RUE-DE-SEVRE_1-300x200.png 300w, https:\/\/lasdecors.fr\/wp-content\/uploads\/2026\/07\/RUE-DE-SEVRE_1-1024x683.png 1024w, https:\/\/lasdecors.fr\/wp-content\/uploads\/2026\/07\/RUE-DE-SEVRE_1-768x512.png 768w, https:\/\/lasdecors.fr\/wp-content\/uploads\/2026\/07\/RUE-DE-SEVRE_1-1536x1024.png 1536w\" sizes=\"(max-width: 2048px) 100vw, 2048px\" title=\"\"><\/a>\n\t\t\t<\/div><\/figure><figure class='gallery-item'>\n\t\t\t<div class='gallery-icon landscape'>\n\t\t\t\t<a data-elementor-open-lightbox=\"yes\" data-elementor-lightbox-slideshow=\"2595416\" data-elementor-lightbox-title=\"RUEDESEVRES_STAND_2024_2\" data-e-action-hash=\"#elementor-action%3Aaction%3Dlightbox%26settings%3DeyJpZCI6NjM2MywidXJsIjoiaHR0cHM6XC9cL2xhc2RlY29ycy5mclwvd3AtY29udGVudFwvdXBsb2Fkc1wvMjAyNVwvMTFcL1JVRURFU0VWUkVTX1NUQU5EXzIwMjRfMi5qcGciLCJzbGlkZXNob3ciOiIyNTk1NDE2In0%3D\" href=\"https:\/\/lasdecors.fr\/wp-content\/uploads\/2025\/11\/RUEDESEVRES_STAND_2024_2.jpg\"><img width=\"1800\" height=\"1200\" src=\"https:\/\/lasdecors.fr\/wp-content\/uploads\/2025\/11\/RUEDESEVRES_STAND_2024_2.jpg\" class=\"attachment-2048x2048 size-2048x2048\" alt=\"\" decoding=\"async\" srcset=\"https:\/\/lasdecors.fr\/wp-content\/uploads\/2025\/11\/RUEDESEVRES_STAND_2024_2.jpg 1800w, https:\/\/lasdecors.fr\/wp-content\/uploads\/2025\/11\/RUEDESEVRES_STAND_2024_2-300x200.jpg 300w, https:\/\/lasdecors.fr\/wp-content\/uploads\/2025\/11\/RUEDESEVRES_STAND_2024_2-1024x683.jpg 1024w, https:\/\/lasdecors.fr\/wp-content\/uploads\/2025\/11\/RUEDESEVRES_STAND_2024_2-768x512.jpg 768w, https:\/\/lasdecors.fr\/wp-content\/uploads\/2025\/11\/RUEDESEVRES_STAND_2024_2-1536x1024.jpg 1536w\" sizes=\"(max-width: 1800px) 100vw, 1800px\" title=\"\"><\/a>\n\t\t\t<\/div><\/figure>\n\t\t<\/div>\n\t\t<\/div>\n\t\t\t\t\t\t<\/div>\n\t\t\t\t<\/div>\n\t\t\t\t\t<\/div>\n\t\t\t\t<\/div>\n\t\t<div class=\"elementor-element elementor-element-8d94405 e-flex e-con-boxed wpr-particle-no wpr-jarallax-no wpr-parallax-no wpr-sticky-section-no wpr-column-slider-no wpr-equal-height-no e-con e-parent\" data-id=\"8d94405\" data-element_type=\"container\" data-e-type=\"container\">\n\t\t\t\t\t<div class=\"e-con-inner\">\n\t\t<div class=\"elementor-element elementor-element-7939c61 e-con-full e-flex wpr-particle-no wpr-jarallax-no wpr-parallax-no wpr-sticky-section-no wpr-column-slider-no wpr-equal-height-no e-con e-child\" data-id=\"7939c61\" data-element_type=\"container\" data-e-type=\"container\">\n\t\t\t\t<div class=\"elementor-element elementor-element-b56d2a8 elementor-widget elementor-widget-heading\" data-id=\"b56d2a8\" data-element_type=\"widget\" data-e-type=\"widget\" data-widget_type=\"heading.default\">\n\t\t\t\t<div class=\"elementor-widget-container\">\n\t\t\t\t\t<h2 class=\"elementor-heading-title elementor-size-default\">Pr\u00e9parez votre stand Japan Expo avec L\u2019As D\u00e9cors<\/h2>\t\t\t\t<\/div>\n\t\t\t\t<\/div>\n\t\t\t\t<div class=\"elementor-element elementor-element-b7d1907 elementor-widget elementor-widget-text-editor\" data-id=\"b7d1907\" data-element_type=\"widget\" data-e-type=\"widget\" data-widget_type=\"text-editor.default\">\n\t\t\t\t<div class=\"elementor-widget-container\">\n\t\t\t\t\t\t\t\t\t<p>Envie d\u2019un stand qui marque les esprits et vous diff\u00e9rencie dans l\u2019univers foisonnant de <strong data-start=\"3020\" data-end=\"3034\">Japan Expo<\/strong> ? Confiez votre projet \u00e0 une <strong data-start=\"3064\" data-end=\"3083\">agence de stand<\/strong> qui allie cr\u00e9ativit\u00e9, rigueur et passion.<\/p>\t\t\t\t\t\t\t\t<\/div>\n\t\t\t\t<\/div>\n\t\t\t\t<\/div>\n\t\t<div class=\"elementor-element elementor-element-31aaf33 e-con-full e-flex wpr-particle-no wpr-jarallax-no wpr-parallax-no wpr-sticky-section-no wpr-column-slider-no wpr-equal-height-no e-con e-child\" data-id=\"31aaf33\" data-element_type=\"container\" data-e-type=\"container\">\n\t\t\t\t<div class=\"elementor-element elementor-element-44d0558 elementor-widget elementor-widget-heading\" data-id=\"44d0558\" data-element_type=\"widget\" data-e-type=\"widget\" data-widget_type=\"heading.default\">\n\t\t\t\t<div class=\"elementor-widget-container\">\n\t\t\t\t\t<h2 class=\"elementor-heading-title elementor-size-default\">D\u00e9couvrez notre savoir faire :<\/h2>\t\t\t\t<\/div>\n\t\t\t\t<\/div>\n\t\t\t\t<div class=\"elementor-element elementor-element-2380ea0 elementor-widget elementor-widget-button\" data-id=\"2380ea0\" data-element_type=\"widget\" data-e-type=\"widget\" data-widget_type=\"button.default\">\n\t\t\t\t<div class=\"elementor-widget-container\">\n\t\t\t\t\t\t\t\t\t<div class=\"elementor-button-wrapper\">\n\t\t\t\t\t<a class=\"elementor-button elementor-button-link elementor-size-sm elementor-animation-shrink\" href=\"https:\/\/lasdecors.fr\/en\/stands-premium-eco-modulable-nomades\/\">\n\t\t\t\t\t\t<span class=\"elementor-button-content-wrapper\">\n\t\t\t\t\t\t<span class=\"elementor-button-icon\">\n\t\t\t\t<i aria-hidden=\"true\" class=\"far fa-hand-point-right\"><\/i>\t\t\t<\/span>\n\t\t\t\t\t\t\t\t\t<span class=\"elementor-button-text\">OUR EXHIBITION STANDS<\/span>\n\t\t\t\t\t<\/span>\n\t\t\t\t\t<\/a>\n\t\t\t\t<\/div>\n\t\t\t\t\t\t\t\t<\/div>\n\t\t\t\t<\/div>\n\t\t\t\t<\/div>\n\t\t\t\t\t<\/div>\n\t\t\t\t<\/div>\n\t\t<div class=\"elementor-element elementor-element-1f1b839 e-flex e-con-boxed wpr-particle-no wpr-jarallax-no wpr-parallax-no wpr-sticky-section-no wpr-column-slider-no wpr-equal-height-no e-con e-parent\" data-id=\"1f1b839\" data-element_type=\"container\" data-e-type=\"container\">\n\t\t\t\t\t<div class=\"e-con-inner\">\n\t\t\t\t<div class=\"elementor-element elementor-element-a820dc4 elementor-widget elementor-widget-google_maps\" data-id=\"a820dc4\" data-element_type=\"widget\" data-e-type=\"widget\" data-widget_type=\"google_maps.default\">\n\t\t\t\t<div class=\"elementor-widget-container\">\n\t\t\t\t\t\t\t<div class=\"elementor-custom-embed\">\n\t\t\t<iframe loading=\"lazy\"\n\t\t\t\t\tsrc=\"https:\/\/maps.google.com\/maps?q=parc%20des%20expositions%20villepinte&#038;t=m&#038;z=10&#038;output=embed&#038;iwloc=near\"\n\t\t\t\t\ttitle=\"parc des expositions villepinte\"\n\t\t\t\t\taria-label=\"parc des expositions villepinte\"\n\t\t\t><\/iframe>\n\t\t<\/div>\n\t\t\t\t\t\t<\/div>\n\t\t\t\t<\/div>\n\t\t\t\t\t<\/div>\n\t\t\t\t<\/div>\n\t\t\t\t<\/div>","protected":false},"excerpt":{"rendered":"<p>La Japan Expo c\u2019est la convention europ\u00e9en d\u00e9di\u00e9 \u00e0 la culture pop et traditionnelle japonaise. Du 8 au 11 juillet 2026 au Parc des expositions de Villepinte.<br \/>\nRetrouvez comment nous pouvons vous aider en tant que standiste pour la Japan Expo !<\/p>","protected":false},"author":4,"featured_media":7775,"comment_status":"closed","ping_status":"closed","sticky":false,"template":"","format":"standard","meta":{"_acf_changed":false,"footnotes":""},"categories":[23,35],"tags":[],"post_folder":[49],"class_list":["post-5458","post","type-post","status-publish","format-standard","has-post-thumbnail","hentry","category-salon","category-salons-juillet"],"acf":[],"_links":{"self":[{"href":"https:\/\/lasdecors.fr\/en\/wp-json\/wp\/v2\/posts\/5458","targetHints":{"allow":["GET"]}}],"collection":[{"href":"https:\/\/lasdecors.fr\/en\/wp-json\/wp\/v2\/posts"}],"about":[{"href":"https:\/\/lasdecors.fr\/en\/wp-json\/wp\/v2\/types\/post"}],"author":[{"embeddable":true,"href":"https:\/\/lasdecors.fr\/en\/wp-json\/wp\/v2\/users\/4"}],"replies":[{"embeddable":true,"href":"https:\/\/lasdecors.fr\/en\/wp-json\/wp\/v2\/comments?post=5458"}],"version-history":[{"count":24,"href":"https:\/\/lasdecors.fr\/en\/wp-json\/wp\/v2\/posts\/5458\/revisions"}],"predecessor-version":[{"id":7852,"href":"https:\/\/lasdecors.fr\/en\/wp-json\/wp\/v2\/posts\/5458\/revisions\/7852"}],"wp:featuredmedia":[{"embeddable":true,"href":"https:\/\/lasdecors.fr\/en\/wp-json\/wp\/v2\/media\/7775"}],"wp:attachment":[{"href":"https:\/\/lasdecors.fr\/en\/wp-json\/wp\/v2\/media?parent=5458"}],"wp:term":[{"taxonomy":"category","embeddable":true,"href":"https:\/\/lasdecors.fr\/en\/wp-json\/wp\/v2\/categories?post=5458"},{"taxonomy":"post_tag","embeddable":true,"href":"https:\/\/lasdecors.fr\/en\/wp-json\/wp\/v2\/tags?post=5458"},{"taxonomy":"post_folder","embeddable":true,"href":"https:\/\/lasdecors.fr\/en\/wp-json\/wp\/v2\/post_folder?post=5458"}],"curies":[{"name":"wp","href":"https:\/\/api.w.org\/{rel}","templated":true}]}}