{"id":5504,"date":"2025-09-24T07:05:14","date_gmt":"2025-09-24T07:05:14","guid":{"rendered":"https:\/\/lasdecors.fr\/?p=5504"},"modified":"2026-08-21T13:50:12","modified_gmt":"2026-08-21T13:50:12","slug":"salon-equiphotel-standiste","status":"publish","type":"post","link":"https:\/\/lasdecors.fr\/en\/salon-equiphotel-standiste\/","title":{"rendered":"EquipHotel 2026"},"content":{"rendered":"<div data-elementor-type=\"wp-post\" data-elementor-id=\"5504\" class=\"elementor elementor-5504\" data-elementor-post-type=\"post\">\n\t\t\t\t<div class=\"elementor-element elementor-element-8e713d5 e-flex e-con-boxed wpr-particle-no wpr-jarallax-no wpr-parallax-no wpr-sticky-section-no wpr-column-slider-no wpr-equal-height-no e-con e-parent\" data-id=\"8e713d5\" data-element_type=\"container\" data-e-type=\"container\">\n\t\t\t\t\t<div class=\"e-con-inner\">\n\t\t\t\t<div class=\"elementor-element elementor-element-45d3967 elementor-widget elementor-widget-heading\" data-id=\"45d3967\" data-element_type=\"widget\" data-e-type=\"widget\" data-widget_type=\"heading.default\">\n\t\t\t\t<div class=\"elementor-widget-container\">\n\t\t\t\t\t<h2 class=\"elementor-heading-title elementor-size-default\">Qu'est ce que le salon EquiHotel ?<\/h2>\t\t\t\t<\/div>\n\t\t\t\t<\/div>\n\t\t\t\t<div class=\"elementor-element elementor-element-2ac7420 elementor-widget elementor-widget-text-editor\" data-id=\"2ac7420\" data-element_type=\"widget\" data-e-type=\"widget\" data-widget_type=\"text-editor.default\">\n\t\t\t\t<div class=\"elementor-widget-container\">\n\t\t\t\t\t\t\t\t\t<p data-start=\"330\" data-end=\"878\">Tous les deux ans, <a href=\"https:\/\/www.equiphotel.com\/fr-fr\/devenir-exposant.html?utm_source=ggl&amp;utm_medium=srhbrand&amp;utm_campaign=expfr&amp;gad_source=1&amp;gad_campaignid=22677523102&amp;gbraid=0AAAAA_fVfDZP8VDLFwS5E-JthiHTSgE2U&amp;gclid=CjwKCAiAoNbIBhB5EiwAZFbYGLhhaZzhmuo8r32edhJZuYjmWJz67edYxrK_jlf9oqq2b7Tp6VzCIBoClKUQAvD_BwE\" target=\"_blank\" rel=\"noopener\"><strong data-start=\"349\" data-end=\"363\">EquipHotel<\/strong><\/a> s\u2019impose comme le salon incontournable pour les acteurs de l\u2019h\u00f4tellerie-restauration. Organis\u00e9 \u00e0 Paris, il rassemble plus de 1 200 exposants et des milliers de visiteurs venus du monde entier : h\u00f4teliers, restaurateurs, architectes, d\u00e9corateurs, investisseurs ou encore acheteurs sp\u00e9cialis\u00e9s. V\u00e9ritable source d\u2019inspiration et de business, <strong data-start=\"704\" data-end=\"723\">EquipHotel 2026<\/strong> s\u2019annonce comme une \u00e9dition riche en innovations, d\u00e9di\u00e9e aux nouveaux usages, aux exp\u00e9riences clients, au design et \u00e0 la transition \u00e9cologique du secteur.<\/p><p data-start=\"880\" data-end=\"1090\"><strong data-start=\"880\" data-end=\"895\">L\u2019As D\u00e9cors<\/strong>, en tant que <strong data-start=\"909\" data-end=\"922\">standiste<\/strong> et <strong data-start=\"926\" data-end=\"949\">entreprise de stand<\/strong> exp\u00e9riment\u00e9e, vous accompagne dans la cr\u00e9ation d\u2019un stand sur mesure, pens\u00e9 pour capter l\u2019attention des visiteurs et valoriser votre marque.<\/p>\t\t\t\t\t\t\t\t<\/div>\n\t\t\t\t<\/div>\n\t\t\t\t\t<\/div>\n\t\t\t\t<\/div>\n\t\t<div class=\"elementor-element elementor-element-6cd9dc5 e-flex e-con-boxed wpr-particle-no wpr-jarallax-no wpr-parallax-no wpr-sticky-section-no wpr-column-slider-no wpr-equal-height-no e-con e-parent\" data-id=\"6cd9dc5\" data-element_type=\"container\" data-e-type=\"container\">\n\t\t\t\t\t<div class=\"e-con-inner\">\n\t\t\t\t<div class=\"elementor-element elementor-element-66b6f9f elementor-widget elementor-widget-heading\" data-id=\"66b6f9f\" data-element_type=\"widget\" data-e-type=\"widget\" data-widget_type=\"heading.default\">\n\t\t\t\t<div class=\"elementor-widget-container\">\n\t\t\t\t\t<h2 class=\"elementor-heading-title elementor-size-default\">Pourquoi exposer au salon EquipHotel 2026 ?<\/h2>\t\t\t\t<\/div>\n\t\t\t\t<\/div>\n\t\t\t\t<div class=\"elementor-element elementor-element-ba9573f elementor-widget elementor-widget-text-editor\" data-id=\"ba9573f\" data-element_type=\"widget\" data-e-type=\"widget\" data-widget_type=\"text-editor.default\">\n\t\t\t\t<div class=\"elementor-widget-container\">\n\t\t\t\t\t\t\t\t\t<p data-start=\"1146\" data-end=\"1685\"><a href=\"https:\/\/www.equiphotel.com\/fr-fr\/devenir-exposant.html?utm_source=ggl&amp;utm_medium=srhbrand&amp;utm_campaign=expfr&amp;gad_source=1&amp;gad_campaignid=22677523102&amp;gbraid=0AAAAA_fVfDZP8VDLFwS5E-JthiHTSgE2U&amp;gclid=CjwKCAiAoNbIBhB5EiwAZFbYGLhhaZzhmuo8r32edhJZuYjmWJz67edYxrK_jlf9oqq2b7Tp6VzCIBoClKUQAvD_BwE\" target=\"_blank\" rel=\"noopener\"><strong data-start=\"1146\" data-end=\"1160\">EquipHotel<\/strong><\/a> est bien plus qu\u2019un simple salon professionnel. C\u2019est un carrefour d\u2019\u00e9changes, d\u2019innovation et de mise en relation entre les acteurs qui fa\u00e7onnent le secteur de l\u2019hospitalit\u00e9. Exposer \u00e0 <strong data-start=\"1347\" data-end=\"1366\">EquipHotel 2026<\/strong>, c\u2019est l\u2019occasion de pr\u00e9senter vos produits et services dans un cadre premium, de rencontrer des prescripteurs influents, de renforcer votre r\u00e9seau, et de d\u00e9tecter de nouvelles opportunit\u00e9s commerciales. Pour les marques en qu\u00eate de visibilit\u00e9 et de diff\u00e9renciation, un stand bien con\u00e7u peut faire toute la diff\u00e9rence.<\/p>\t\t\t\t\t\t\t\t<\/div>\n\t\t\t\t<\/div>\n\t\t\t\t\t<\/div>\n\t\t\t\t<\/div>\n\t\t<div class=\"elementor-element elementor-element-e12f903 e-flex e-con-boxed wpr-particle-no wpr-jarallax-no wpr-parallax-no wpr-sticky-section-no wpr-column-slider-no wpr-equal-height-no e-con e-parent\" data-id=\"e12f903\" data-element_type=\"container\" data-e-type=\"container\">\n\t\t\t\t\t<div class=\"e-con-inner\">\n\t\t\t\t<div class=\"elementor-element elementor-element-e67168e elementor-widget elementor-widget-heading\" data-id=\"e67168e\" data-element_type=\"widget\" data-e-type=\"widget\" data-widget_type=\"heading.default\">\n\t\t\t\t<div class=\"elementor-widget-container\">\n\t\t\t\t\t<h2 class=\"elementor-heading-title elementor-size-default\">L'as D\u00e9cors votre standiste sur mesure<\/h2>\t\t\t\t<\/div>\n\t\t\t\t<\/div>\n\t\t\t\t<div class=\"elementor-element elementor-element-2807819 elementor-widget elementor-widget-text-editor\" data-id=\"2807819\" data-element_type=\"widget\" data-e-type=\"widget\" data-widget_type=\"text-editor.default\">\n\t\t\t\t<div class=\"elementor-widget-container\">\n\t\t\t\t\t\t\t\t\t<p data-start=\"1743\" data-end=\"2097\">Chez <strong data-start=\"1748\" data-end=\"1763\">L\u2019As D\u00e9cors<\/strong>, chaque projet de stand est une cr\u00e9ation unique. En tant qu\u2019<strong data-start=\"1824\" data-end=\"1843\">agence de stand<\/strong>, nous mettons notre savoir-faire au service de votre strat\u00e9gie commerciale. Nos \u00e9quipes vous accompagnent de A \u00e0 Z : conception du design, mod\u00e9lisation 3D, fabrication dans nos ateliers en France, logistique, montage sur site et stockage post-\u00e9v\u00e9nement. Nos stands sur-mesure sont pens\u00e9 pour durer dans le temps, \u00eatre facilement\u00a0 stock\u00e9s et r\u00e9utilis\u00e9s lors de futurs \u00e9v\u00e9nements.<\/p><p data-start=\"2099\" data-end=\"2426\">Notre force r\u00e9side dans notre capacit\u00e9 \u00e0 cr\u00e9er des environnements immersifs, esth\u00e9tiques et pratiques, qui favorisent les \u00e9changes et offrent une exp\u00e9rience m\u00e9morable \u00e0 vos visiteurs. Qu\u2019il s\u2019agisse d\u2019un stand traditionnel ou d\u2019un stand plus modulable, nous adaptons nos solutions \u00e0 vos besoins et \u00e0 vos contraintes techniques.<\/p>\t\t\t\t\t\t\t\t<\/div>\n\t\t\t\t<\/div>\n\t\t\t\t\t<\/div>\n\t\t\t\t<\/div>\n\t\t<div class=\"elementor-element elementor-element-5da1bee e-flex e-con-boxed wpr-particle-no wpr-jarallax-no wpr-parallax-no wpr-sticky-section-no wpr-column-slider-no wpr-equal-height-no e-con e-parent\" data-id=\"5da1bee\" data-element_type=\"container\" data-e-type=\"container\">\n\t\t\t\t\t<div class=\"e-con-inner\">\n\t\t\t\t<div class=\"elementor-element elementor-element-0bf6a88 elementor-widget elementor-widget-heading\" data-id=\"0bf6a88\" data-element_type=\"widget\" data-e-type=\"widget\" data-widget_type=\"heading.default\">\n\t\t\t\t<div class=\"elementor-widget-container\">\n\t\t\t\t\t<h2 class=\"elementor-heading-title elementor-size-default\">Ce que nous avons d\u00e9j\u00e0 r\u00e9alis\u00e9 sur equiphotel<\/h2>\t\t\t\t<\/div>\n\t\t\t\t<\/div>\n\t\t\t\t<div class=\"elementor-element elementor-element-40322a9 elementor-widget elementor-widget-gallery\" data-id=\"40322a9\" data-element_type=\"widget\" data-e-type=\"widget\" data-settings=\"{&quot;columns&quot;:2,&quot;aspect_ratio&quot;:&quot;4:3&quot;,&quot;gallery_layout&quot;:&quot;grid&quot;,&quot;columns_tablet&quot;:2,&quot;columns_mobile&quot;:1,&quot;gap&quot;:{&quot;unit&quot;:&quot;px&quot;,&quot;size&quot;:10,&quot;sizes&quot;:[]},&quot;gap_tablet&quot;:{&quot;unit&quot;:&quot;px&quot;,&quot;size&quot;:10,&quot;sizes&quot;:[]},&quot;gap_mobile&quot;:{&quot;unit&quot;:&quot;px&quot;,&quot;size&quot;:10,&quot;sizes&quot;:[]},&quot;link_to&quot;:&quot;file&quot;,&quot;overlay_background&quot;:&quot;yes&quot;,&quot;content_hover_animation&quot;:&quot;fade-in&quot;}\" data-widget_type=\"gallery.default\">\n\t\t\t\t<div class=\"elementor-widget-container\">\n\t\t\t\t\t\t\t<div class=\"elementor-gallery__container\">\n\t\t\t\t\t\t\t<a class=\"e-gallery-item elementor-gallery-item elementor-animated-content\" href=\"https:\/\/lasdecors.fr\/wp-content\/uploads\/2025\/09\/SteamOne-STAND-PHOTO.jpg\" data-elementor-open-lightbox=\"yes\" data-elementor-lightbox-slideshow=\"40322a9\" data-elementor-lightbox-title=\"SteamOne-STAND-PHOTO\" data-e-action-hash=\"#elementor-action%3Aaction%3Dlightbox%26settings%3DeyJpZCI6NjE5MiwidXJsIjoiaHR0cHM6XC9cL2xhc2RlY29ycy5mclwvd3AtY29udGVudFwvdXBsb2Fkc1wvMjAyNVwvMDlcL1N0ZWFtT25lLVNUQU5ELVBIT1RPLmpwZyIsInNsaWRlc2hvdyI6IjQwMzIyYTkifQ%3D%3D\">\n\t\t\t\t\t<div class=\"e-gallery-image elementor-gallery-item__image\" data-thumbnail=\"https:\/\/lasdecors.fr\/wp-content\/uploads\/2025\/09\/SteamOne-STAND-PHOTO-768x512.jpg\" data-width=\"768\" data-height=\"512\" aria-label=\"\" role=\"img\" ><\/div>\n\t\t\t\t\t\t\t\t\t\t\t<div class=\"elementor-gallery-item__overlay\"><\/div>\n\t\t\t\t\t\t\t\t\t\t\t\t\t\t<\/a>\n\t\t\t\t\t\t\t<a class=\"e-gallery-item elementor-gallery-item elementor-animated-content\" href=\"https:\/\/lasdecors.fr\/wp-content\/uploads\/2025\/09\/LUTECE-STAND-PHOTO.jpg\" data-elementor-open-lightbox=\"yes\" data-elementor-lightbox-slideshow=\"40322a9\" data-elementor-lightbox-title=\"LUTECE-STAND-PHOTO\" data-e-action-hash=\"#elementor-action%3Aaction%3Dlightbox%26settings%3DeyJpZCI6NjE5MCwidXJsIjoiaHR0cHM6XC9cL2xhc2RlY29ycy5mclwvd3AtY29udGVudFwvdXBsb2Fkc1wvMjAyNVwvMDlcL0xVVEVDRS1TVEFORC1QSE9UTy5qcGciLCJzbGlkZXNob3ciOiI0MDMyMmE5In0%3D\">\n\t\t\t\t\t<div class=\"e-gallery-image elementor-gallery-item__image\" data-thumbnail=\"https:\/\/lasdecors.fr\/wp-content\/uploads\/2025\/09\/LUTECE-STAND-PHOTO-768x512.jpg\" data-width=\"768\" data-height=\"512\" aria-label=\"\" role=\"img\" ><\/div>\n\t\t\t\t\t\t\t\t\t\t\t<div class=\"elementor-gallery-item__overlay\"><\/div>\n\t\t\t\t\t\t\t\t\t\t\t\t\t\t<\/a>\n\t\t\t\t\t<\/div>\n\t\t\t\t\t<\/div>\n\t\t\t\t<\/div>\n\t\t\t\t\t<\/div>\n\t\t\t\t<\/div>\n\t\t<div class=\"elementor-element elementor-element-a754d84 e-flex e-con-boxed wpr-particle-no wpr-jarallax-no wpr-parallax-no wpr-sticky-section-no wpr-column-slider-no wpr-equal-height-no e-con e-parent\" data-id=\"a754d84\" data-element_type=\"container\" data-e-type=\"container\">\n\t\t\t\t\t<div class=\"e-con-inner\">\n\t\t\t\t<div class=\"elementor-element elementor-element-1436499 elementor-widget elementor-widget-heading\" data-id=\"1436499\" data-element_type=\"widget\" data-e-type=\"widget\" data-widget_type=\"heading.default\">\n\t\t\t\t<div class=\"elementor-widget-container\">\n\t\t\t\t\t<h2 class=\"elementor-heading-title elementor-size-default\">Pr\u00e9parez d\u00e8s maintenant votre pr\u00e9sence \u00e0 EquipHotel 2026<\/h2>\t\t\t\t<\/div>\n\t\t\t\t<\/div>\n\t\t\t\t<div class=\"elementor-element elementor-element-2431c71 elementor-widget elementor-widget-text-editor\" data-id=\"2431c71\" data-element_type=\"widget\" data-e-type=\"widget\" data-widget_type=\"text-editor.default\">\n\t\t\t\t<div class=\"elementor-widget-container\">\n\t\t\t\t\t\t\t\t\t<p>Votre marque pr\u00e9voit d\u2019exposer \u00e0 <strong data-start=\"3124\" data-end=\"3143\">EquipHotel 2026<\/strong> ? N\u2019attendez pas pour penser votre espace. En collaborant avec <strong data-start=\"3207\" data-end=\"3222\">L\u2019As D\u00e9cors<\/strong>, vous b\u00e9n\u00e9ficiez de l\u2019expertise d\u2019une <strong data-start=\"3261\" data-end=\"3284\">entreprise de stand<\/strong> reconnue, capable de concevoir des stands \u00e0 fort impact, en phase avec les enjeux de votre secteur.<\/p>\t\t\t\t\t\t\t\t<\/div>\n\t\t\t\t<\/div>\n\t\t<div class=\"elementor-element elementor-element-a9426c9 e-con-full e-flex wpr-particle-no wpr-jarallax-no wpr-parallax-no wpr-sticky-section-no wpr-column-slider-no wpr-equal-height-no e-con e-child\" data-id=\"a9426c9\" data-element_type=\"container\" data-e-type=\"container\">\n\t\t\t\t<div class=\"elementor-element elementor-element-bb98dbb elementor-widget elementor-widget-heading\" data-id=\"bb98dbb\" data-element_type=\"widget\" data-e-type=\"widget\" data-widget_type=\"heading.default\">\n\t\t\t\t<div class=\"elementor-widget-container\">\n\t\t\t\t\t<h2 class=\"elementor-heading-title elementor-size-default\">D\u00e9couvrez notre savoir faire :<\/h2>\t\t\t\t<\/div>\n\t\t\t\t<\/div>\n\t\t\t\t<div class=\"elementor-element elementor-element-52dad88 elementor-widget elementor-widget-button\" data-id=\"52dad88\" data-element_type=\"widget\" data-e-type=\"widget\" data-widget_type=\"button.default\">\n\t\t\t\t<div class=\"elementor-widget-container\">\n\t\t\t\t\t\t\t\t\t<div class=\"elementor-button-wrapper\">\n\t\t\t\t\t<a class=\"elementor-button elementor-button-link elementor-size-sm elementor-animation-shrink\" href=\"https:\/\/lasdecors.fr\/en\/stands-premium-eco-modulable-nomades\/\">\n\t\t\t\t\t\t<span class=\"elementor-button-content-wrapper\">\n\t\t\t\t\t\t<span class=\"elementor-button-icon\">\n\t\t\t\t<i aria-hidden=\"true\" class=\"far fa-hand-point-right\"><\/i>\t\t\t<\/span>\n\t\t\t\t\t\t\t\t\t<span class=\"elementor-button-text\">OUR EXHIBITION STANDS<\/span>\n\t\t\t\t\t<\/span>\n\t\t\t\t\t<\/a>\n\t\t\t\t<\/div>\n\t\t\t\t\t\t\t\t<\/div>\n\t\t\t\t<\/div>\n\t\t\t\t<\/div>\n\t\t\t\t\t<\/div>\n\t\t\t\t<\/div>\n\t\t<div class=\"elementor-element elementor-element-588fb77 e-flex e-con-boxed wpr-particle-no wpr-jarallax-no wpr-parallax-no wpr-sticky-section-no wpr-column-slider-no wpr-equal-height-no e-con e-parent\" data-id=\"588fb77\" data-element_type=\"container\" data-e-type=\"container\">\n\t\t\t\t\t<div class=\"e-con-inner\">\n\t\t\t\t<div class=\"elementor-element elementor-element-bb8bfcf elementor-widget elementor-widget-google_maps\" data-id=\"bb8bfcf\" data-element_type=\"widget\" data-e-type=\"widget\" data-widget_type=\"google_maps.default\">\n\t\t\t\t<div class=\"elementor-widget-container\">\n\t\t\t\t\t\t\t<div class=\"elementor-custom-embed\">\n\t\t\t<iframe loading=\"lazy\"\n\t\t\t\t\tsrc=\"https:\/\/maps.google.com\/maps?q=Paris%20porte%20de%20versailles&#038;t=m&#038;z=10&#038;output=embed&#038;iwloc=near\"\n\t\t\t\t\ttitle=\"Paris porte de versailles\"\n\t\t\t\t\taria-label=\"Paris porte de versailles\"\n\t\t\t><\/iframe>\n\t\t<\/div>\n\t\t\t\t\t\t<\/div>\n\t\t\t\t<\/div>\n\t\t\t\t\t<\/div>\n\t\t\t\t<\/div>\n\t\t\t\t<\/div>","protected":false},"excerpt":{"rendered":"<p>Le salon EquipHotel, c\u2019est le rendez-vous international des professionels de l\u2019h\u00f4tellerie et restauration. Du 2 au 5 novembre 2026 \u00e0 Paris \u2013 Porte de Versailles.<br \/>\nRetrouvez comment nous pouvons vous aider en tant que standiste pour EquipHotel !<\/p>","protected":false},"author":4,"featured_media":7859,"comment_status":"closed","ping_status":"closed","sticky":false,"template":"","format":"standard","meta":{"_acf_changed":false,"footnotes":""},"categories":[23,27],"tags":[25],"post_folder":[49],"class_list":["post-5504","post","type-post","status-publish","format-standard","has-post-thumbnail","hentry","category-salon","category-salons-novembre","tag-agenda"],"acf":[],"_links":{"self":[{"href":"https:\/\/lasdecors.fr\/en\/wp-json\/wp\/v2\/posts\/5504","targetHints":{"allow":["GET"]}}],"collection":[{"href":"https:\/\/lasdecors.fr\/en\/wp-json\/wp\/v2\/posts"}],"about":[{"href":"https:\/\/lasdecors.fr\/en\/wp-json\/wp\/v2\/types\/post"}],"author":[{"embeddable":true,"href":"https:\/\/lasdecors.fr\/en\/wp-json\/wp\/v2\/users\/4"}],"replies":[{"embeddable":true,"href":"https:\/\/lasdecors.fr\/en\/wp-json\/wp\/v2\/comments?post=5504"}],"version-history":[{"count":11,"href":"https:\/\/lasdecors.fr\/en\/wp-json\/wp\/v2\/posts\/5504\/revisions"}],"predecessor-version":[{"id":7862,"href":"https:\/\/lasdecors.fr\/en\/wp-json\/wp\/v2\/posts\/5504\/revisions\/7862"}],"wp:featuredmedia":[{"embeddable":true,"href":"https:\/\/lasdecors.fr\/en\/wp-json\/wp\/v2\/media\/7859"}],"wp:attachment":[{"href":"https:\/\/lasdecors.fr\/en\/wp-json\/wp\/v2\/media?parent=5504"}],"wp:term":[{"taxonomy":"category","embeddable":true,"href":"https:\/\/lasdecors.fr\/en\/wp-json\/wp\/v2\/categories?post=5504"},{"taxonomy":"post_tag","embeddable":true,"href":"https:\/\/lasdecors.fr\/en\/wp-json\/wp\/v2\/tags?post=5504"},{"taxonomy":"post_folder","embeddable":true,"href":"https:\/\/lasdecors.fr\/en\/wp-json\/wp\/v2\/post_folder?post=5504"}],"curies":[{"name":"wp","href":"https:\/\/api.w.org\/{rel}","templated":true}]}}