{"id":5515,"date":"2025-11-14T14:48:35","date_gmt":"2025-11-14T14:48:35","guid":{"rendered":"https:\/\/lasdecors.fr\/?p=5515"},"modified":"2026-04-02T07:05:44","modified_gmt":"2026-04-02T07:05:44","slug":"standiste-pour-cprint-standiste-las-decors","status":"publish","type":"post","link":"https:\/\/lasdecors.fr\/en\/standiste-pour-cprint-standiste-las-decors\/","title":{"rendered":"C!Print 2027"},"content":{"rendered":"<div data-elementor-type=\"wp-post\" data-elementor-id=\"5515\" class=\"elementor elementor-5515\" data-elementor-post-type=\"post\">\n\t\t\t\t<div class=\"elementor-element elementor-element-580c770 e-flex e-con-boxed wpr-particle-no wpr-jarallax-no wpr-parallax-no wpr-sticky-section-no wpr-column-slider-no wpr-equal-height-no e-con e-parent\" data-id=\"580c770\" data-element_type=\"container\" data-e-type=\"container\">\n\t\t\t\t\t<div class=\"e-con-inner\">\n\t\t\t\t<div class=\"elementor-element elementor-element-15e80c9 elementor-widget elementor-widget-heading\" data-id=\"15e80c9\" data-element_type=\"widget\" data-e-type=\"widget\" data-widget_type=\"heading.default\">\n\t\t\t\t<div class=\"elementor-widget-container\">\n\t\t\t\t\t<h2 class=\"elementor-heading-title elementor-size-default\">Qu\u2019est-ce que le salon C!PRINT ?<\/h2>\t\t\t\t<\/div>\n\t\t\t\t<\/div>\n\t\t\t\t<div class=\"elementor-element elementor-element-2845882 elementor-widget elementor-widget-text-editor\" data-id=\"2845882\" data-element_type=\"widget\" data-e-type=\"widget\" data-widget_type=\"text-editor.default\">\n\t\t\t\t<div class=\"elementor-widget-container\">\n\t\t\t\t\t\t\t\t\t<p data-start=\"275\" data-end=\"665\">Le <strong><a href=\"https:\/\/www.salon-cprint.com\/en\/\" target=\"_blank\" rel=\"noopener\">salon C!Print<\/a><\/strong> est devenu un rendez-vous de r\u00e9f\u00e9rence pour les professionnels de la communication visuelle, de la personnalisation, du print et de la cr\u00e9ation graphique. Chaque ann\u00e9e \u00e0 Lyon, l\u2019\u00e9v\u00e9nement r\u00e9unit plus de 250 exposants et des milliers de visiteurs en qu\u00eate d\u2019inspiration, d\u2019innovations et de solutions pour transformer leur communication en v\u00e9ritable exp\u00e9rience visuelle.<\/p><p data-start=\"667\" data-end=\"881\">En tant qu\u2019<strong data-start=\"678\" data-end=\"701\">entreprise de stand<\/strong> sp\u00e9cialiste du secteur, <strong data-start=\"726\" data-end=\"741\">L\u2019As D\u00e9cors<\/strong> vous accompagne pour concevoir un stand \u00e0 la hauteur de votre image, pr\u00eat \u00e0 capter les regards dans un univers aussi visuel que comp\u00e9titif.<\/p>\t\t\t\t\t\t\t\t<\/div>\n\t\t\t\t<\/div>\n\t\t\t\t\t<\/div>\n\t\t\t\t<\/div>\n\t\t<div class=\"elementor-element elementor-element-0911c71 e-flex e-con-boxed wpr-particle-no wpr-jarallax-no wpr-parallax-no wpr-sticky-section-no wpr-column-slider-no wpr-equal-height-no e-con e-parent\" data-id=\"0911c71\" data-element_type=\"container\" data-e-type=\"container\">\n\t\t\t\t\t<div class=\"e-con-inner\">\n\t\t\t\t<div class=\"elementor-element elementor-element-6363868 elementor-widget elementor-widget-heading\" data-id=\"6363868\" data-element_type=\"widget\" data-e-type=\"widget\" data-widget_type=\"heading.default\">\n\t\t\t\t<div class=\"elementor-widget-container\">\n\t\t\t\t\t<h2 class=\"elementor-heading-title elementor-size-default\">Pourquoi exposer au salon CPrint ?<\/h2>\t\t\t\t<\/div>\n\t\t\t\t<\/div>\n\t\t\t\t<div class=\"elementor-element elementor-element-20e855c elementor-widget elementor-widget-text-editor\" data-id=\"20e855c\" data-element_type=\"widget\" data-e-type=\"widget\" data-widget_type=\"text-editor.default\">\n\t\t\t\t<div class=\"elementor-widget-container\">\n\t\t\t\t\t\t\t\t\t<p data-start=\"933\" data-end=\"1333\">Participer \u00e0 <strong data-start=\"946\" data-end=\"957\">C!Print<\/strong>, c\u2019est prendre part \u00e0 un \u00e9cosyst\u00e8me dynamique o\u00f9 les imprimeurs, agences, designers, marques, fabricants de machines et fournisseurs de mati\u00e8res premi\u00e8res partagent leurs savoir-faire et leurs innovations. C\u2019est l\u2019occasion de lancer vos nouveaut\u00e9s, de d\u00e9velopper votre r\u00e9seau et de dialoguer avec des acteurs cl\u00e9s de la communication visuelle et de l\u2019impression grand format.<\/p><p data-start=\"1335\" data-end=\"1523\">Pour faire la diff\u00e9rence sur un salon aussi dense et cr\u00e9atif, un stand bien pens\u00e9 devient un v\u00e9ritable levier strat\u00e9gique. C\u2019est ici que le r\u00f4le de votre <strong data-start=\"1489\" data-end=\"1502\">standiste<\/strong> prend tout son sens.<\/p>\t\t\t\t\t\t\t\t<\/div>\n\t\t\t\t<\/div>\n\t\t\t\t\t<\/div>\n\t\t\t\t<\/div>\n\t\t<div class=\"elementor-element elementor-element-2832e08 e-flex e-con-boxed wpr-particle-no wpr-jarallax-no wpr-parallax-no wpr-sticky-section-no wpr-column-slider-no wpr-equal-height-no e-con e-parent\" data-id=\"2832e08\" data-element_type=\"container\" data-e-type=\"container\">\n\t\t\t\t\t<div class=\"e-con-inner\">\n\t\t\t\t<div class=\"elementor-element elementor-element-c443e3a elementor-widget elementor-widget-heading\" data-id=\"c443e3a\" data-element_type=\"widget\" data-e-type=\"widget\" data-widget_type=\"heading.default\">\n\t\t\t\t<div class=\"elementor-widget-container\">\n\t\t\t\t\t<h2 class=\"elementor-heading-title elementor-size-default\">L'AS d\u00e9cors, votre standiste pour c!print<\/h2>\t\t\t\t<\/div>\n\t\t\t\t<\/div>\n\t\t\t\t<div class=\"elementor-element elementor-element-973ad05 elementor-widget elementor-widget-text-editor\" data-id=\"973ad05\" data-element_type=\"widget\" data-e-type=\"widget\" data-widget_type=\"text-editor.default\">\n\t\t\t\t<div class=\"elementor-widget-container\">\n\t\t\t\t\t\t\t\t\t<p data-start=\"1589\" data-end=\"1965\">Chez <strong data-start=\"1594\" data-end=\"1609\">L\u2019As D\u00e9cors<\/strong>, nous savons que les professionnels pr\u00e9sents \u00e0 <strong data-start=\"1657\" data-end=\"1668\">C!Print<\/strong> attendent des stands \u00e0 forte valeur esth\u00e9tique. En tant qu\u2019<strong data-start=\"1728\" data-end=\"1747\">agence de stand<\/strong>, nous mettons notre expertise en design, en agencement et en sc\u00e9nographie au service de votre marque. Chaque m\u00e8tre carr\u00e9 est optimis\u00e9 pour exprimer votre identit\u00e9, attirer les visiteurs et cr\u00e9er une exp\u00e9rience fluide.<\/p>\n<p data-start=\"1967\" data-end=\"2276\">Du premier brief \u00e0 la livraison du stand sur le salon de Lyon Eurexpo, nous prenons en charge toutes les \u00e9tapes de votre projet : design 3D, fabrication dans nos ateliers en France, transport, montage, et gestion logistique. Notre approche sur-mesure garantit un r\u00e9sultat coh\u00e9rent, professionnel et percutant.<\/p>\n<p data-start=\"2334\" data-end=\"2666\">Dans un salon comme <strong data-start=\"2354\" data-end=\"2365\">C!Print<\/strong>, o\u00f9 l\u2019innovation passe aussi par la responsabilit\u00e9, <strong data-start=\"2418\" data-end=\"2433\">L\u2019As D\u00e9cors<\/strong> met un point d\u2019honneur \u00e0 int\u00e9grer des pratiques \u00e9coresponsables. Gr\u00e2ce \u00e0 l\u2019utilisation de mat\u00e9riaux r\u00e9utilisables, de structures modulables, et \u00e0 une production en circuit court, nous limitons l\u2019impact environnemental de nos stands.<\/p>\n<p data-start=\"2334\" data-end=\"2666\"><strong data-start=\"2418\" data-end=\"2433\">L\u2019As D\u00e9cors<\/strong> met un point d\u2019honneur \u00e0 int\u00e9grer des pratiques \u00e9coresponsables. Gr\u00e2ce \u00e0 l\u2019utilisation de mat\u00e9riaux r\u00e9utilisables, de structures modulables, et \u00e0 une production en circuit court, nous limitons l\u2019impact environnemental de nos stands.Notre certification <strong data-start=\"2688\" data-end=\"2701\">ISO 20121<\/strong> t\u00e9moigne de cet engagement constant en faveur d\u2019un \u00e9v\u00e9nementiel plus durable, sans compromis sur la qualit\u00e9 et la cr\u00e9ativit\u00e9.<\/p>\t\t\t\t\t\t\t\t<\/div>\n\t\t\t\t<\/div>\n\t\t\t\t\t<\/div>\n\t\t\t\t<\/div>\n\t\t<div class=\"elementor-element elementor-element-3a53598 e-flex e-con-boxed wpr-particle-no wpr-jarallax-no wpr-parallax-no wpr-sticky-section-no wpr-column-slider-no wpr-equal-height-no e-con e-parent\" data-id=\"3a53598\" data-element_type=\"container\" data-e-type=\"container\">\n\t\t\t\t\t<div class=\"e-con-inner\">\n\t\t<div class=\"elementor-element elementor-element-f0b5f90 e-con-full e-flex wpr-particle-no wpr-jarallax-no wpr-parallax-no wpr-sticky-section-no wpr-column-slider-no wpr-equal-height-no e-con e-child\" data-id=\"f0b5f90\" data-element_type=\"container\" data-e-type=\"container\">\n\t\t\t\t<div class=\"elementor-element elementor-element-2dcddaf elementor-widget elementor-widget-heading\" data-id=\"2dcddaf\" data-element_type=\"widget\" data-e-type=\"widget\" data-widget_type=\"heading.default\">\n\t\t\t\t<div class=\"elementor-widget-container\">\n\t\t\t\t\t<h2 class=\"elementor-heading-title elementor-size-default\">Ce que nous avons d\u00e9j\u00e0 ralis\u00e9 sur le salon C!PRint<\/h2>\t\t\t\t<\/div>\n\t\t\t\t<\/div>\n\t\t\t\t<\/div>\n\t\t\t\t<div class=\"elementor-element elementor-element-5ea94a3 elementor-widget elementor-widget-gallery\" data-id=\"5ea94a3\" data-element_type=\"widget\" data-e-type=\"widget\" data-settings=\"{&quot;columns&quot;:2,&quot;aspect_ratio&quot;:&quot;4:3&quot;,&quot;gallery_layout&quot;:&quot;grid&quot;,&quot;columns_tablet&quot;:2,&quot;columns_mobile&quot;:1,&quot;gap&quot;:{&quot;unit&quot;:&quot;px&quot;,&quot;size&quot;:10,&quot;sizes&quot;:[]},&quot;gap_tablet&quot;:{&quot;unit&quot;:&quot;px&quot;,&quot;size&quot;:10,&quot;sizes&quot;:[]},&quot;gap_mobile&quot;:{&quot;unit&quot;:&quot;px&quot;,&quot;size&quot;:10,&quot;sizes&quot;:[]},&quot;link_to&quot;:&quot;file&quot;,&quot;content_hover_animation&quot;:&quot;fade-in&quot;}\" data-widget_type=\"gallery.default\">\n\t\t\t\t<div class=\"elementor-widget-container\">\n\t\t\t\t\t\t\t<div class=\"elementor-gallery__container\">\n\t\t\t\t\t\t\t<a class=\"e-gallery-item elementor-gallery-item elementor-animated-content\" href=\"https:\/\/lasdecors.fr\/wp-content\/uploads\/2026\/02\/3M_CPRINT-1.jpg\" data-elementor-open-lightbox=\"yes\" data-elementor-lightbox-slideshow=\"5ea94a3\" data-elementor-lightbox-title=\"3M_C!PRINT\" data-e-action-hash=\"#elementor-action%3Aaction%3Dlightbox%26settings%3DeyJpZCI6NzE4NCwidXJsIjoiaHR0cHM6XC9cL2xhc2RlY29ycy5mclwvd3AtY29udGVudFwvdXBsb2Fkc1wvMjAyNlwvMDJcLzNNX0NQUklOVC0xLmpwZyIsInNsaWRlc2hvdyI6IjVlYTk0YTMifQ%3D%3D\">\n\t\t\t\t\t<div class=\"e-gallery-image elementor-gallery-item__image\" data-thumbnail=\"https:\/\/lasdecors.fr\/wp-content\/uploads\/2026\/02\/3M_CPRINT-1-768x576.jpg\" data-width=\"768\" data-height=\"576\" aria-label=\"\" role=\"img\" ><\/div>\n\t\t\t\t\t\t\t\t\t\t\t\t\t\t<\/a>\n\t\t\t\t\t\t\t<a class=\"e-gallery-item elementor-gallery-item elementor-animated-content\" href=\"https:\/\/lasdecors.fr\/wp-content\/uploads\/2026\/02\/SDAG_CPRINT-1.jpg?ver=1787649520\" data-elementor-open-lightbox=\"yes\" data-elementor-lightbox-slideshow=\"5ea94a3\" data-elementor-lightbox-title=\"SDAG_C!PRINT\" data-e-action-hash=\"#elementor-action%3Aaction%3Dlightbox%26settings%3DeyJpZCI6NzE4NSwidXJsIjoiaHR0cHM6XC9cL2xhc2RlY29ycy5mclwvd3AtY29udGVudFwvdXBsb2Fkc1wvMjAyNlwvMDJcL1NEQUdfQ1BSSU5ULTEuanBnIiwic2xpZGVzaG93IjoiNWVhOTRhMyJ9\">\n\t\t\t\t\t<div class=\"e-gallery-image elementor-gallery-item__image\" data-thumbnail=\"https:\/\/lasdecors.fr\/wp-content\/uploads\/2026\/02\/SDAG_CPRINT-1-768x576.jpg?ver=1787649520\" data-width=\"768\" data-height=\"576\" aria-label=\"\" role=\"img\" ><\/div>\n\t\t\t\t\t\t\t\t\t\t\t\t\t\t<\/a>\n\t\t\t\t\t<\/div>\n\t\t\t\t\t<\/div>\n\t\t\t\t<\/div>\n\t\t\t\t\t<\/div>\n\t\t\t\t<\/div>\n\t\t<div class=\"elementor-element elementor-element-204241b e-flex e-con-boxed wpr-particle-no wpr-jarallax-no wpr-parallax-no wpr-sticky-section-no wpr-column-slider-no wpr-equal-height-no e-con e-parent\" data-id=\"204241b\" data-element_type=\"container\" data-e-type=\"container\">\n\t\t\t\t\t<div class=\"e-con-inner\">\n\t\t\t\t<div class=\"elementor-element elementor-element-bfdb908 elementor-widget elementor-widget-heading\" data-id=\"bfdb908\" data-element_type=\"widget\" data-e-type=\"widget\" data-widget_type=\"heading.default\">\n\t\t\t\t<div class=\"elementor-widget-container\">\n\t\t\t\t\t<h2 class=\"elementor-heading-title elementor-size-default\">Anticipez votre participation \u00e0 CPrint avec L\u2019As D\u00e9cors<\/h2>\t\t\t\t<\/div>\n\t\t\t\t<\/div>\n\t\t\t\t<div class=\"elementor-element elementor-element-15731df elementor-widget elementor-widget-text-editor\" data-id=\"15731df\" data-element_type=\"widget\" data-e-type=\"widget\" data-widget_type=\"text-editor.default\">\n\t\t\t\t<div class=\"elementor-widget-container\">\n\t\t\t\t\t\t\t\t\t<p data-start=\"2900\" data-end=\"3175\">Vous exposez au salon <strong data-start=\"2922\" data-end=\"2938\">C!Print<\/strong>\u00a0? Faites appel \u00e0 une <strong data-start=\"2960\" data-end=\"2983\">entreprise de stand<\/strong> exp\u00e9riment\u00e9e pour maximiser votre impact. <strong data-start=\"3026\" data-end=\"3041\">L\u2019As D\u00e9cors<\/strong> con\u00e7oit des stands originaux, fonctionnels et m\u00e9morables, pens\u00e9s pour r\u00e9pondre aux exigences du secteur de la communication visuelle.<\/p>\t\t\t\t\t\t\t\t<\/div>\n\t\t\t\t<\/div>\n\t\t<div class=\"elementor-element elementor-element-b486de6 e-con-full e-flex wpr-particle-no wpr-jarallax-no wpr-parallax-no wpr-sticky-section-no wpr-column-slider-no wpr-equal-height-no e-con e-child\" data-id=\"b486de6\" data-element_type=\"container\" data-e-type=\"container\">\n\t\t\t\t<div class=\"elementor-element elementor-element-b350ca0 elementor-widget elementor-widget-heading\" data-id=\"b350ca0\" data-element_type=\"widget\" data-e-type=\"widget\" data-widget_type=\"heading.default\">\n\t\t\t\t<div class=\"elementor-widget-container\">\n\t\t\t\t\t<h2 class=\"elementor-heading-title elementor-size-default\">D\u00e9couvrez notre savoir faire :<\/h2>\t\t\t\t<\/div>\n\t\t\t\t<\/div>\n\t\t\t\t<div class=\"elementor-element elementor-element-c816a99 elementor-widget elementor-widget-button\" data-id=\"c816a99\" data-element_type=\"widget\" data-e-type=\"widget\" data-widget_type=\"button.default\">\n\t\t\t\t<div class=\"elementor-widget-container\">\n\t\t\t\t\t\t\t\t\t<div class=\"elementor-button-wrapper\">\n\t\t\t\t\t<a class=\"elementor-button elementor-button-link elementor-size-sm elementor-animation-shrink\" href=\"https:\/\/lasdecors.fr\/en\/stands-premium-eco-modulable-nomades\/\">\n\t\t\t\t\t\t<span class=\"elementor-button-content-wrapper\">\n\t\t\t\t\t\t<span class=\"elementor-button-icon\">\n\t\t\t\t<i aria-hidden=\"true\" class=\"far fa-hand-point-right\"><\/i>\t\t\t<\/span>\n\t\t\t\t\t\t\t\t\t<span class=\"elementor-button-text\">OUR EXHIBITION STANDS<\/span>\n\t\t\t\t\t<\/span>\n\t\t\t\t\t<\/a>\n\t\t\t\t<\/div>\n\t\t\t\t\t\t\t\t<\/div>\n\t\t\t\t<\/div>\n\t\t\t\t<\/div>\n\t\t\t\t\t<\/div>\n\t\t\t\t<\/div>\n\t\t<div class=\"elementor-element elementor-element-c370a69 e-flex e-con-boxed wpr-particle-no wpr-jarallax-no wpr-parallax-no wpr-sticky-section-no wpr-column-slider-no wpr-equal-height-no e-con e-parent\" data-id=\"c370a69\" data-element_type=\"container\" data-e-type=\"container\">\n\t\t\t\t\t<div class=\"e-con-inner\">\n\t\t\t\t<div class=\"elementor-element elementor-element-477b253 elementor-widget elementor-widget-google_maps\" data-id=\"477b253\" data-element_type=\"widget\" data-e-type=\"widget\" data-widget_type=\"google_maps.default\">\n\t\t\t\t<div class=\"elementor-widget-container\">\n\t\t\t\t\t\t\t<div class=\"elementor-custom-embed\">\n\t\t\t<iframe loading=\"lazy\"\n\t\t\t\t\tsrc=\"https:\/\/maps.google.com\/maps?q=Eurexpo%20lyon&#038;t=m&#038;z=10&#038;output=embed&#038;iwloc=near\"\n\t\t\t\t\ttitle=\"Eurexpo lyon\"\n\t\t\t\t\taria-label=\"Eurexpo lyon\"\n\t\t\t><\/iframe>\n\t\t<\/div>\n\t\t\t\t\t\t<\/div>\n\t\t\t\t<\/div>\n\t\t\t\t\t<\/div>\n\t\t\t\t<\/div>\n\t\t\t\t<\/div>","protected":false},"excerpt":{"rendered":"<p>Le salon C!PRINT est devenu le rendez-vous de r\u00e9f\u00e9rence pour les professionels de la communication visuelle de la personnalisation, du print et de la cr\u00e9ation graphique. Du 2 au 4 f\u00e9vrier 2027 \u00e0 EurExpo Lyon.<br \/>\nRetrouvez comment nous pouvons vous aider en tant que Standiste pour C!Print !<\/p>","protected":false},"author":4,"featured_media":6394,"comment_status":"closed","ping_status":"closed","sticky":false,"template":"","format":"standard","meta":{"_acf_changed":false,"footnotes":""},"categories":[23,30],"tags":[],"post_folder":[49],"class_list":["post-5515","post","type-post","status-publish","format-standard","has-post-thumbnail","hentry","category-salon","category-salons-fevrier"],"acf":[],"_links":{"self":[{"href":"https:\/\/lasdecors.fr\/en\/wp-json\/wp\/v2\/posts\/5515","targetHints":{"allow":["GET"]}}],"collection":[{"href":"https:\/\/lasdecors.fr\/en\/wp-json\/wp\/v2\/posts"}],"about":[{"href":"https:\/\/lasdecors.fr\/en\/wp-json\/wp\/v2\/types\/post"}],"author":[{"embeddable":true,"href":"https:\/\/lasdecors.fr\/en\/wp-json\/wp\/v2\/users\/4"}],"replies":[{"embeddable":true,"href":"https:\/\/lasdecors.fr\/en\/wp-json\/wp\/v2\/comments?post=5515"}],"version-history":[{"count":16,"href":"https:\/\/lasdecors.fr\/en\/wp-json\/wp\/v2\/posts\/5515\/revisions"}],"predecessor-version":[{"id":7414,"href":"https:\/\/lasdecors.fr\/en\/wp-json\/wp\/v2\/posts\/5515\/revisions\/7414"}],"wp:featuredmedia":[{"embeddable":true,"href":"https:\/\/lasdecors.fr\/en\/wp-json\/wp\/v2\/media\/6394"}],"wp:attachment":[{"href":"https:\/\/lasdecors.fr\/en\/wp-json\/wp\/v2\/media?parent=5515"}],"wp:term":[{"taxonomy":"category","embeddable":true,"href":"https:\/\/lasdecors.fr\/en\/wp-json\/wp\/v2\/categories?post=5515"},{"taxonomy":"post_tag","embeddable":true,"href":"https:\/\/lasdecors.fr\/en\/wp-json\/wp\/v2\/tags?post=5515"},{"taxonomy":"post_folder","embeddable":true,"href":"https:\/\/lasdecors.fr\/en\/wp-json\/wp\/v2\/post_folder?post=5515"}],"curies":[{"name":"wp","href":"https:\/\/api.w.org\/{rel}","templated":true}]}}