{"id":5596,"date":"2025-09-22T08:56:24","date_gmt":"2025-09-22T08:56:24","guid":{"rendered":"https:\/\/lasdecors.fr\/?p=5596"},"modified":"2026-04-21T15:30:57","modified_gmt":"2026-04-21T15:30:57","slug":"salon-pollutec-standiste","status":"publish","type":"post","link":"https:\/\/lasdecors.fr\/en\/salon-pollutec-standiste\/","title":{"rendered":"Pollutec 2027"},"content":{"rendered":"<div data-elementor-type=\"wp-post\" data-elementor-id=\"5596\" class=\"elementor elementor-5596\" data-elementor-post-type=\"post\">\n\t\t\t\t<div class=\"elementor-element elementor-element-40e41be e-flex e-con-boxed wpr-particle-no wpr-jarallax-no wpr-parallax-no wpr-sticky-section-no wpr-column-slider-no wpr-equal-height-no e-con e-parent\" data-id=\"40e41be\" data-element_type=\"container\" data-e-type=\"container\">\n\t\t\t\t\t<div class=\"e-con-inner\">\n\t\t\t\t<div class=\"elementor-element elementor-element-ac9508e elementor-widget elementor-widget-heading\" data-id=\"ac9508e\" data-element_type=\"widget\" data-e-type=\"widget\" data-widget_type=\"heading.default\">\n\t\t\t\t<div class=\"elementor-widget-container\">\n\t\t\t\t\t<h2 class=\"elementor-heading-title elementor-size-default\">Qu'est ce que le salon POLLUTEC<\/h2>\t\t\t\t<\/div>\n\t\t\t\t<\/div>\n\t\t\t\t<div class=\"elementor-element elementor-element-291e9d9 elementor-widget elementor-widget-text-editor\" data-id=\"291e9d9\" data-element_type=\"widget\" data-e-type=\"widget\" data-widget_type=\"text-editor.default\">\n\t\t\t\t<div class=\"elementor-widget-container\">\n\t\t\t\t\t\t\t\t\t<p>Chaque ann\u00e9e, <b><a href=\"https:\/\/www.pollutec.com\/\" target=\"_blank\" rel=\"noopener\">POLLUTEC LYON<\/a>\u00a0<\/b>est le salon professionnel de r\u00e9f\u00e9rence pour les solutions environnementales, \u00e9nerg\u00e9tique et de la transition \u00e9cologique. Se d\u00e9roulant \u00e0 <b>EurExpo Lyon<\/b> au mois d&rsquo;octobre, l&rsquo;\u00e9v\u00e9nement rassemble environ <b>51.000 visiteurs et 2.<\/b><span style=\"font-size: 1em;\"><b>000 exposants<\/b>. Sur les <b>80.000 m\u00b2<\/b> d&rsquo;exposition, plus de <b>11 secteurs d&rsquo;expertise<\/b> sont repr\u00e9sent\u00e9s : gestion de l&rsquo;eau, d\u00e9chets, air, \u00e9nergie, biodiversit\u00e9, sols pollu\u00e9s, ville durable etc.<\/span><\/p><p><span style=\"font-size: 1em;\">Pendant 4 jours, le salon propose un riche programme de conf\u00e9rence, d&rsquo;ateliers, de forums th\u00e9matiques et de temps forts comme le Water Hub ou les Innovation Awards. POLLUTEC offre une plateforme pour d\u00e9couvrir des innovations concr\u00e8tes, \u00e9changer avec des acteurs publics et priv\u00e9s, et contribuer directement \u00e0 la transformation des pratiques vers une \u00e9conomie plus durable.<\/span><\/p>\t\t\t\t\t\t\t\t<\/div>\n\t\t\t\t<\/div>\n\t\t\t\t\t<\/div>\n\t\t\t\t<\/div>\n\t\t<div class=\"elementor-element elementor-element-a0a5673 e-flex e-con-boxed wpr-particle-no wpr-jarallax-no wpr-parallax-no wpr-sticky-section-no wpr-column-slider-no wpr-equal-height-no e-con e-parent\" data-id=\"a0a5673\" data-element_type=\"container\" data-e-type=\"container\">\n\t\t\t\t\t<div class=\"e-con-inner\">\n\t\t\t\t<div class=\"elementor-element elementor-element-00bb68a elementor-widget elementor-widget-heading\" data-id=\"00bb68a\" data-element_type=\"widget\" data-e-type=\"widget\" data-widget_type=\"heading.default\">\n\t\t\t\t<div class=\"elementor-widget-container\">\n\t\t\t\t\t<h2 class=\"elementor-heading-title elementor-size-default\">Pourquoi exposer sur le salon POLLUTEC<\/h2>\t\t\t\t<\/div>\n\t\t\t\t<\/div>\n\t\t\t\t<div class=\"elementor-element elementor-element-2b51fc8 elementor-widget elementor-widget-text-editor\" data-id=\"2b51fc8\" data-element_type=\"widget\" data-e-type=\"widget\" data-widget_type=\"text-editor.default\">\n\t\t\t\t<div class=\"elementor-widget-container\">\n\t\t\t\t\t\t\t\t\t<p><span class=\"a_GcMg font-feature-liga-off font-feature-clig-off font-feature-calt-off text-decoration-none text-strikethrough-none\">Exposer au salon <strong>POLLUTEC<\/strong>, c\u2019est l\u2019occasion de mettre en avant votre savoir-faire, de renforcer votre image de marque et de cr\u00e9er des rencontres avec des acteurs strat\u00e9giques de votre secteur. C\u2019est aussi un moyen efficace de vous d\u00e9marquer de la concurrence en proposant une exp\u00e9rience forte aux visiteurs. <strong>L\u2019As D\u00e9cors<\/strong>, en tant que <strong>standiste et entreprise de stand exp\u00e9riment\u00e9e<\/strong>, vous accompagne dans la cr\u00e9ation d\u2019un stand sur mesure, pens\u00e9 pour vous repr\u00e9senter et capter l\u2019attention des visiteurs.<\/span><\/p>\t\t\t\t\t\t\t\t<\/div>\n\t\t\t\t<\/div>\n\t\t\t\t\t<\/div>\n\t\t\t\t<\/div>\n\t\t<div class=\"elementor-element elementor-element-fe14de7 e-flex e-con-boxed wpr-particle-no wpr-jarallax-no wpr-parallax-no wpr-sticky-section-no wpr-column-slider-no wpr-equal-height-no e-con e-parent\" data-id=\"fe14de7\" data-element_type=\"container\" data-e-type=\"container\">\n\t\t\t\t\t<div class=\"e-con-inner\">\n\t\t\t\t<div class=\"elementor-element elementor-element-cce7e60 elementor-widget elementor-widget-heading\" data-id=\"cce7e60\" data-element_type=\"widget\" data-e-type=\"widget\" data-widget_type=\"heading.default\">\n\t\t\t\t<div class=\"elementor-widget-container\">\n\t\t\t\t\t<h2 class=\"elementor-heading-title elementor-size-default\">L'As D\u00e9cors votre standiste pour pollutec<\/h2>\t\t\t\t<\/div>\n\t\t\t\t<\/div>\n\t\t\t\t<div class=\"elementor-element elementor-element-8d57b69 elementor-widget elementor-widget-text-editor\" data-id=\"8d57b69\" data-element_type=\"widget\" data-e-type=\"widget\" data-widget_type=\"text-editor.default\">\n\t\t\t\t<div class=\"elementor-widget-container\">\n\t\t\t\t\t\t\t\t\t<p class=\"cvGsUA direction-ltr align-start para-style-body\"><span class=\"a_GcMg font-feature-liga-off font-feature-clig-off font-feature-calt-off text-decoration-none text-strikethrough-none\">Chez<strong> L\u2019As D\u00e9cors<\/strong>, chaque projet de stand est une cr\u00e9ation unique. En tant qu\u2019<strong>agence de stand<\/strong>, nous mettons notre savoir-faire au service de votre strat\u00e9gie commerciale. Nos \u00e9quipes vous <strong>accompagnent de A \u00e0 Z<\/strong> : conception du design, mod\u00e9lisation 3D, fabrication dans nos ateliers en France, logistique et montage sur site.\u00a0<\/span><span style=\"font-size: 1em;\">Nos stands <b>sur-mesure<\/b> sont pens\u00e9 pour durer dans le temps, \u00eatre facilement <b>stock\u00e9s et r\u00e9utilis\u00e9s<\/b> lors de futurs \u00e9v\u00e9nements.<\/span><\/p><p class=\"cvGsUA direction-ltr align-start para-style-body\"><span class=\"a_GcMg font-feature-liga-off font-feature-clig-off font-feature-calt-off text-decoration-none text-strikethrough-none\">Notre <strong>force<\/strong> r\u00e9side dans notre capacit\u00e9 \u00e0 cr\u00e9er des environnements immersifs, esth\u00e9tiques et pratiques, qui favorisent les \u00e9changes et offrent une exp\u00e9rience m\u00e9morable \u00e0 vos visiteurs. Qu\u2019il s\u2019agisse d\u2019un stand traditionnel ou d\u2019un stand plus modulable, nous adaptons nos solutions \u00e0 vos besoins et \u00e0 vos contraintes techniques.<\/span><\/p>\t\t\t\t\t\t\t\t<\/div>\n\t\t\t\t<\/div>\n\t\t\t\t\t<\/div>\n\t\t\t\t<\/div>\n\t\t<div class=\"elementor-element elementor-element-3cdb52d e-flex e-con-boxed wpr-particle-no wpr-jarallax-no wpr-parallax-no wpr-sticky-section-no wpr-column-slider-no wpr-equal-height-no e-con e-parent\" data-id=\"3cdb52d\" data-element_type=\"container\" data-e-type=\"container\">\n\t\t\t\t\t<div class=\"e-con-inner\">\n\t\t\t\t<div class=\"elementor-element elementor-element-87d4693 elementor-widget elementor-widget-heading\" data-id=\"87d4693\" data-element_type=\"widget\" data-e-type=\"widget\" data-widget_type=\"heading.default\">\n\t\t\t\t<div class=\"elementor-widget-container\">\n\t\t\t\t\t<h2 class=\"elementor-heading-title elementor-size-default\">ce que nous avons d\u00e9j\u00e0 r\u00e9alis\u00e9 sur pollutec<\/h2>\t\t\t\t<\/div>\n\t\t\t\t<\/div>\n\t\t\t\t<div class=\"elementor-element elementor-element-44eb96e elementor-widget elementor-widget-gallery\" data-id=\"44eb96e\" data-element_type=\"widget\" data-e-type=\"widget\" data-settings=\"{&quot;columns&quot;:2,&quot;aspect_ratio&quot;:&quot;4:3&quot;,&quot;gallery_layout&quot;:&quot;grid&quot;,&quot;columns_tablet&quot;:2,&quot;columns_mobile&quot;:1,&quot;gap&quot;:{&quot;unit&quot;:&quot;px&quot;,&quot;size&quot;:10,&quot;sizes&quot;:[]},&quot;gap_tablet&quot;:{&quot;unit&quot;:&quot;px&quot;,&quot;size&quot;:10,&quot;sizes&quot;:[]},&quot;gap_mobile&quot;:{&quot;unit&quot;:&quot;px&quot;,&quot;size&quot;:10,&quot;sizes&quot;:[]},&quot;link_to&quot;:&quot;file&quot;,&quot;content_hover_animation&quot;:&quot;fade-in&quot;}\" data-widget_type=\"gallery.default\">\n\t\t\t\t<div class=\"elementor-widget-container\">\n\t\t\t\t\t\t\t<div class=\"elementor-gallery__container\">\n\t\t\t\t\t\t\t<a class=\"e-gallery-item elementor-gallery-item elementor-animated-content\" href=\"https:\/\/lasdecors.fr\/wp-content\/uploads\/2025\/09\/JONESCO_Pollutec_2.png\" data-elementor-open-lightbox=\"yes\" data-elementor-lightbox-slideshow=\"44eb96e\" data-elementor-lightbox-title=\"JONESCO_Pollutec_2\" data-e-action-hash=\"#elementor-action%3Aaction%3Dlightbox%26settings%3DeyJpZCI6NzY1MSwidXJsIjoiaHR0cHM6XC9cL2xhc2RlY29ycy5mclwvd3AtY29udGVudFwvdXBsb2Fkc1wvMjAyNVwvMDlcL0pPTkVTQ09fUG9sbHV0ZWNfMi5wbmciLCJzbGlkZXNob3ciOiI0NGViOTZlIn0%3D\">\n\t\t\t\t\t<div class=\"e-gallery-image elementor-gallery-item__image\" data-thumbnail=\"https:\/\/lasdecors.fr\/wp-content\/uploads\/2025\/09\/JONESCO_Pollutec_2.png\" data-width=\"1600\" data-height=\"1200\" aria-label=\"\" role=\"img\" ><\/div>\n\t\t\t\t\t\t\t\t\t\t\t\t\t\t<\/a>\n\t\t\t\t\t\t\t<a class=\"e-gallery-item elementor-gallery-item elementor-animated-content\" href=\"https:\/\/lasdecors.fr\/wp-content\/uploads\/2025\/09\/JONESCO_Pollutec_1.png\" data-elementor-open-lightbox=\"yes\" data-elementor-lightbox-slideshow=\"44eb96e\" data-elementor-lightbox-title=\"JONESCO_Pollutec_1\" data-e-action-hash=\"#elementor-action%3Aaction%3Dlightbox%26settings%3DeyJpZCI6NzY1MCwidXJsIjoiaHR0cHM6XC9cL2xhc2RlY29ycy5mclwvd3AtY29udGVudFwvdXBsb2Fkc1wvMjAyNVwvMDlcL0pPTkVTQ09fUG9sbHV0ZWNfMS5wbmciLCJzbGlkZXNob3ciOiI0NGViOTZlIn0%3D\">\n\t\t\t\t\t<div class=\"e-gallery-image elementor-gallery-item__image\" data-thumbnail=\"https:\/\/lasdecors.fr\/wp-content\/uploads\/2025\/09\/JONESCO_Pollutec_1.png\" data-width=\"1600\" data-height=\"1200\" aria-label=\"\" role=\"img\" ><\/div>\n\t\t\t\t\t\t\t\t\t\t\t\t\t\t<\/a>\n\t\t\t\t\t<\/div>\n\t\t\t\t\t<\/div>\n\t\t\t\t<\/div>\n\t\t\t\t\t<\/div>\n\t\t\t\t<\/div>\n\t\t<div class=\"elementor-element elementor-element-80a9874 e-flex e-con-boxed wpr-particle-no wpr-jarallax-no wpr-parallax-no wpr-sticky-section-no wpr-column-slider-no wpr-equal-height-no e-con e-parent\" data-id=\"80a9874\" data-element_type=\"container\" data-e-type=\"container\">\n\t\t\t\t\t<div class=\"e-con-inner\">\n\t\t\t\t<div class=\"elementor-element elementor-element-f8b781f elementor-widget elementor-widget-heading\" data-id=\"f8b781f\" data-element_type=\"widget\" data-e-type=\"widget\" data-widget_type=\"heading.default\">\n\t\t\t\t<div class=\"elementor-widget-container\">\n\t\t\t\t\t<h2 class=\"elementor-heading-title elementor-size-default\">Pr\u00e9parez d\u00e8s maintenant votre pr\u00e9sence \u00e0 POLLUTEC<\/h2>\t\t\t\t<\/div>\n\t\t\t\t<\/div>\n\t\t\t\t<div class=\"elementor-element elementor-element-dece936 elementor-widget elementor-widget-text-editor\" data-id=\"dece936\" data-element_type=\"widget\" data-e-type=\"widget\" data-widget_type=\"text-editor.default\">\n\t\t\t\t<div class=\"elementor-widget-container\">\n\t\t\t\t\t\t\t\t\t<p>Votre marque pr\u00e9voit d&rsquo;exposer \u00e0 POLLUTEC ? N&rsquo;attendez pas pour penser votre espace. En collaborant avec L&rsquo;As Decors, vous b\u00e9n\u00e9ficiez de l&rsquo;expertise d&rsquo;une entreprise de stand reconue, capable de concevoir des stands \u00e0 fort impact, en phase avec les enjeux de votre secteur.<\/p>\t\t\t\t\t\t\t\t<\/div>\n\t\t\t\t<\/div>\n\t\t<div class=\"elementor-element elementor-element-541b9de e-con-full e-flex wpr-particle-no wpr-jarallax-no wpr-parallax-no wpr-sticky-section-no wpr-column-slider-no wpr-equal-height-no e-con e-child\" data-id=\"541b9de\" data-element_type=\"container\" data-e-type=\"container\">\n\t\t\t\t<div class=\"elementor-element elementor-element-d6cac72 elementor-widget elementor-widget-heading\" data-id=\"d6cac72\" data-element_type=\"widget\" data-e-type=\"widget\" data-widget_type=\"heading.default\">\n\t\t\t\t<div class=\"elementor-widget-container\">\n\t\t\t\t\t<h2 class=\"elementor-heading-title elementor-size-default\">D\u00e9couvrez notre savoir faire :<\/h2>\t\t\t\t<\/div>\n\t\t\t\t<\/div>\n\t\t\t\t<div class=\"elementor-element elementor-element-12e67d2 elementor-widget elementor-widget-button\" data-id=\"12e67d2\" data-element_type=\"widget\" data-e-type=\"widget\" data-widget_type=\"button.default\">\n\t\t\t\t<div class=\"elementor-widget-container\">\n\t\t\t\t\t\t\t\t\t<div class=\"elementor-button-wrapper\">\n\t\t\t\t\t<a class=\"elementor-button elementor-button-link elementor-size-sm elementor-animation-shrink\" href=\"https:\/\/lasdecors.fr\/en\/stands-premium-eco-modulable-nomades\/\">\n\t\t\t\t\t\t<span class=\"elementor-button-content-wrapper\">\n\t\t\t\t\t\t<span class=\"elementor-button-icon\">\n\t\t\t\t<i aria-hidden=\"true\" class=\"far fa-hand-point-right\"><\/i>\t\t\t<\/span>\n\t\t\t\t\t\t\t\t\t<span class=\"elementor-button-text\">OUR EXHIBITION STANDS<\/span>\n\t\t\t\t\t<\/span>\n\t\t\t\t\t<\/a>\n\t\t\t\t<\/div>\n\t\t\t\t\t\t\t\t<\/div>\n\t\t\t\t<\/div>\n\t\t\t\t<\/div>\n\t\t\t\t\t<\/div>\n\t\t\t\t<\/div>\n\t\t<div class=\"elementor-element elementor-element-e1aba97 e-flex e-con-boxed wpr-particle-no wpr-jarallax-no wpr-parallax-no wpr-sticky-section-no wpr-column-slider-no wpr-equal-height-no e-con e-parent\" data-id=\"e1aba97\" data-element_type=\"container\" data-e-type=\"container\">\n\t\t\t\t\t<div class=\"e-con-inner\">\n\t\t\t\t<div class=\"elementor-element elementor-element-1902cc4 elementor-widget elementor-widget-google_maps\" data-id=\"1902cc4\" data-element_type=\"widget\" data-e-type=\"widget\" data-widget_type=\"google_maps.default\">\n\t\t\t\t<div class=\"elementor-widget-container\">\n\t\t\t\t\t\t\t<div class=\"elementor-custom-embed\">\n\t\t\t<iframe loading=\"lazy\"\n\t\t\t\t\tsrc=\"https:\/\/maps.google.com\/maps?q=Lyon%20eurexpo&#038;t=m&#038;z=10&#038;output=embed&#038;iwloc=near\"\n\t\t\t\t\ttitle=\"Lyon eurexpo\"\n\t\t\t\t\taria-label=\"Lyon eurexpo\"\n\t\t\t><\/iframe>\n\t\t<\/div>\n\t\t\t\t\t\t<\/div>\n\t\t\t\t<\/div>\n\t\t\t\t\t<\/div>\n\t\t\t\t<\/div>\n\t\t\t\t<\/div>","protected":false},"excerpt":{"rendered":"<p>Le salon Pollutec, c\u2019est le rendez-vous des acteurs engag\u00e9s en faveur de l\u2019environnement. Du 12 au 15 octobre 2027 \u00e0 Eurexpo Lyon.<br \/>\nRetrouvez comment nous pouvons vous aider en tant que standiste pour Pollutec !<\/p>","protected":false},"author":5,"featured_media":7650,"comment_status":"closed","ping_status":"open","sticky":false,"template":"","format":"standard","meta":{"_acf_changed":false,"footnotes":""},"categories":[23,26],"tags":[25],"post_folder":[49],"class_list":["post-5596","post","type-post","status-publish","format-standard","has-post-thumbnail","hentry","category-salon","category-salons-octobre","tag-agenda"],"acf":[],"_links":{"self":[{"href":"https:\/\/lasdecors.fr\/en\/wp-json\/wp\/v2\/posts\/5596","targetHints":{"allow":["GET"]}}],"collection":[{"href":"https:\/\/lasdecors.fr\/en\/wp-json\/wp\/v2\/posts"}],"about":[{"href":"https:\/\/lasdecors.fr\/en\/wp-json\/wp\/v2\/types\/post"}],"author":[{"embeddable":true,"href":"https:\/\/lasdecors.fr\/en\/wp-json\/wp\/v2\/users\/5"}],"replies":[{"embeddable":true,"href":"https:\/\/lasdecors.fr\/en\/wp-json\/wp\/v2\/comments?post=5596"}],"version-history":[{"count":20,"href":"https:\/\/lasdecors.fr\/en\/wp-json\/wp\/v2\/posts\/5596\/revisions"}],"predecessor-version":[{"id":7654,"href":"https:\/\/lasdecors.fr\/en\/wp-json\/wp\/v2\/posts\/5596\/revisions\/7654"}],"wp:featuredmedia":[{"embeddable":true,"href":"https:\/\/lasdecors.fr\/en\/wp-json\/wp\/v2\/media\/7650"}],"wp:attachment":[{"href":"https:\/\/lasdecors.fr\/en\/wp-json\/wp\/v2\/media?parent=5596"}],"wp:term":[{"taxonomy":"category","embeddable":true,"href":"https:\/\/lasdecors.fr\/en\/wp-json\/wp\/v2\/categories?post=5596"},{"taxonomy":"post_tag","embeddable":true,"href":"https:\/\/lasdecors.fr\/en\/wp-json\/wp\/v2\/tags?post=5596"},{"taxonomy":"post_folder","embeddable":true,"href":"https:\/\/lasdecors.fr\/en\/wp-json\/wp\/v2\/post_folder?post=5596"}],"curies":[{"name":"wp","href":"https:\/\/api.w.org\/{rel}","templated":true}]}}