{"id":6206,"date":"2025-11-13T15:57:12","date_gmt":"2025-11-13T15:57:12","guid":{"rendered":"https:\/\/lasdecors.fr\/?p=6206"},"modified":"2026-08-21T07:22:22","modified_gmt":"2026-08-21T07:22:22","slug":"standiste-pour-maison-objet","status":"publish","type":"post","link":"https:\/\/lasdecors.fr\/en\/standiste-pour-maison-objet\/","title":{"rendered":"Maison &#038; Objet 2026\/2027"},"content":{"rendered":"<div data-elementor-type=\"wp-post\" data-elementor-id=\"6206\" class=\"elementor elementor-6206\" data-elementor-post-type=\"post\">\n\t\t\t\t<div class=\"elementor-element elementor-element-8acf29b e-flex e-con-boxed wpr-particle-no wpr-jarallax-no wpr-parallax-no wpr-sticky-section-no wpr-column-slider-no wpr-equal-height-no e-con e-parent\" data-id=\"8acf29b\" data-element_type=\"container\" data-e-type=\"container\">\n\t\t\t\t\t<div class=\"e-con-inner\">\n\t\t\t\t<div class=\"elementor-element elementor-element-d84ebc2 elementor-widget elementor-widget-heading\" data-id=\"d84ebc2\" data-element_type=\"widget\" data-e-type=\"widget\" data-widget_type=\"heading.default\">\n\t\t\t\t<div class=\"elementor-widget-container\">\n\t\t\t\t\t<h2 class=\"elementor-heading-title elementor-size-default\">Qu'est ce que le salon Maison &amp; Objet ?<\/h2>\t\t\t\t<\/div>\n\t\t\t\t<\/div>\n\t\t\t\t<div class=\"elementor-element elementor-element-d834faa elementor-widget elementor-widget-text-editor\" data-id=\"d834faa\" data-element_type=\"widget\" data-e-type=\"widget\" data-widget_type=\"text-editor.default\">\n\t\t\t\t<div class=\"elementor-widget-container\">\n\t\t\t\t\t\t\t\t\t<p>Deux fois par an,&nbsp;<a href=\"https:\/\/www.maison-objet.com\/paris\" target=\"_blank\" rel=\"noopener\"><b>Maison &amp; Objet<\/b><\/a>&nbsp;s&rsquo;impose comme l&rsquo;\u00e9v\u00e9nement international de la d\u00e9coration, du design et de l&rsquo;art de vivre. Organis\u00e9 au parc des Expositions de Villepinte, le salon r\u00e9unit des milliers d&rsquo;exposants et de visiteurs venus du monde entier : cr\u00e9ateurs, architectes d&rsquo;int\u00e9rieur, d\u00e9corateurs, marques, acheteurs et distributeurs. V\u00e9ritable source d&rsquo;inspiration et plateforme de tendances, Maison &amp; Objet met en lumi\u00e8re l&rsquo;univers de la maison du design contemporain.<\/p>\n<p>L&rsquo;As D\u00e9cors, en tant que standiste exp\u00e9riment\u00e9, vous accompagne dans la cr\u00e9ation d&rsquo;un stand sur mesure, imagn\u00e9 pour attirer le regard des visiteurs, sublimer vos produits et renforcer l&rsquo;identit\u00e9 de votre marque au c\u0153ur de cet \u00e9v\u00e9nement.<\/p>\t\t\t\t\t\t\t\t<\/div>\n\t\t\t\t<\/div>\n\t\t\t\t\t<\/div>\n\t\t\t\t<\/div>\n\t\t<div class=\"elementor-element elementor-element-498e240 e-flex e-con-boxed wpr-particle-no wpr-jarallax-no wpr-parallax-no wpr-sticky-section-no wpr-column-slider-no wpr-equal-height-no e-con e-parent\" data-id=\"498e240\" data-element_type=\"container\" data-e-type=\"container\">\n\t\t\t\t\t<div class=\"e-con-inner\">\n\t\t\t\t<div class=\"elementor-element elementor-element-f5aecc4 elementor-widget elementor-widget-heading\" data-id=\"f5aecc4\" data-element_type=\"widget\" data-e-type=\"widget\" data-widget_type=\"heading.default\">\n\t\t\t\t<div class=\"elementor-widget-container\">\n\t\t\t\t\t<h2 class=\"elementor-heading-title elementor-size-default\">Pourquoi exposer sur le salon MAison &amp; objet ?<\/h2>\t\t\t\t<\/div>\n\t\t\t\t<\/div>\n\t\t\t\t<div class=\"elementor-element elementor-element-1f58725 elementor-widget elementor-widget-text-editor\" data-id=\"1f58725\" data-element_type=\"widget\" data-e-type=\"widget\" data-widget_type=\"text-editor.default\">\n\t\t\t\t<div class=\"elementor-widget-container\">\n\t\t\t\t\t\t\t\t\t<p>V\u00e9ritable rendez-vous international du design et de la d\u00e9coration, Maison &amp; Objet se distingue comme un espace d&rsquo;\u00e9change, de d\u00e9couvertes et d&rsquo;inspiration pour tous les acteurs de l&rsquo;art de vivre. Ce salon rassemble deux fois par an les professionnels qui fa\u00e7onnent les tendances et r\u00e9inventent les univers de la maison.<\/p><p>Exposer \u00e0 Maison &amp; Objet, c&rsquo;est l&rsquo;occasion id\u00e9ale de pr\u00e9senter vos collections et savoir-faire dans un cadre prestigieux, de d\u00e9velopper votre r\u00e9seau et de saisir de nouvelles opportunit\u00e9s commerciales.\u00a0<\/p><p>Pour les marques en qu\u00eate de visibilit\u00e9, d&rsquo;\u00e9l\u00e9gance et de diff\u00e9renciation, un stand bien con\u00e7u devient un v\u00e9ritable outil strat\u00e9gique pour marquer les esprits et sublimer votre univers.<\/p>\t\t\t\t\t\t\t\t<\/div>\n\t\t\t\t<\/div>\n\t\t\t\t\t<\/div>\n\t\t\t\t<\/div>\n\t\t<div class=\"elementor-element elementor-element-b80008a e-flex e-con-boxed wpr-particle-no wpr-jarallax-no wpr-parallax-no wpr-sticky-section-no wpr-column-slider-no wpr-equal-height-no e-con e-parent\" data-id=\"b80008a\" data-element_type=\"container\" data-e-type=\"container\">\n\t\t\t\t\t<div class=\"e-con-inner\">\n\t\t\t\t<div class=\"elementor-element elementor-element-b046bd6 elementor-widget elementor-widget-heading\" data-id=\"b046bd6\" data-element_type=\"widget\" data-e-type=\"widget\" data-widget_type=\"heading.default\">\n\t\t\t\t<div class=\"elementor-widget-container\">\n\t\t\t\t\t<h2 class=\"elementor-heading-title elementor-size-default\">L'as D\u00e9cors votre standiste pour maison &amp; objet<\/h2>\t\t\t\t<\/div>\n\t\t\t\t<\/div>\n\t\t\t\t<div class=\"elementor-element elementor-element-da5ada6 elementor-widget elementor-widget-text-editor\" data-id=\"da5ada6\" data-element_type=\"widget\" data-e-type=\"widget\" data-widget_type=\"text-editor.default\">\n\t\t\t\t<div class=\"elementor-widget-container\">\n\t\t\t\t\t\t\t\t\t<p data-start=\"1743\" data-end=\"2097\">Chez <strong data-start=\"1748\" data-end=\"1763\">L\u2019As D\u00e9cors<\/strong>, chaque projet de stand est une cr\u00e9ation unique. En tant qu\u2019<strong data-start=\"1824\" data-end=\"1843\">agence de stand<\/strong>, nous mettons notre savoir-faire au service de votre strat\u00e9gie commerciale. Nos \u00e9quipes vous accompagnent de A \u00e0 Z : conception du design, mod\u00e9lisation 3D, fabrication dans nos ateliers en France, logistique, montage sur site et stockage post-\u00e9v\u00e9nement. Nos stands sur-mesure sont pens\u00e9 pour durer dans le temps, \u00eatre facilement\u00a0 stock\u00e9s et r\u00e9utilis\u00e9s lors de futurs \u00e9v\u00e9nements.<\/p><p data-start=\"2099\" data-end=\"2426\">Notre force r\u00e9side dans notre capacit\u00e9 \u00e0 cr\u00e9er des environnements immersifs, esth\u00e9tiques et pratiques, qui favorisent les \u00e9changes et offrent une exp\u00e9rience m\u00e9morable \u00e0 vos visiteurs. Qu\u2019il s\u2019agisse d\u2019un stand traditionnel ou d\u2019un stand plus modulable, nous adaptons nos solutions \u00e0 vos besoins et \u00e0 vos contraintes techniques.<\/p>\t\t\t\t\t\t\t\t<\/div>\n\t\t\t\t<\/div>\n\t\t\t\t\t<\/div>\n\t\t\t\t<\/div>\n\t\t<div class=\"elementor-element elementor-element-9c4a440 e-flex e-con-boxed wpr-particle-no wpr-jarallax-no wpr-parallax-no wpr-sticky-section-no wpr-column-slider-no wpr-equal-height-no e-con e-parent\" data-id=\"9c4a440\" data-element_type=\"container\" data-e-type=\"container\">\n\t\t\t\t\t<div class=\"e-con-inner\">\n\t\t<div class=\"elementor-element elementor-element-0e43d80 e-con-full e-flex wpr-particle-no wpr-jarallax-no wpr-parallax-no wpr-sticky-section-no wpr-column-slider-no wpr-equal-height-no e-con e-child\" data-id=\"0e43d80\" data-element_type=\"container\" data-e-type=\"container\">\n\t\t\t\t<div class=\"elementor-element elementor-element-9b241fd elementor-widget elementor-widget-heading\" data-id=\"9b241fd\" data-element_type=\"widget\" data-e-type=\"widget\" data-widget_type=\"heading.default\">\n\t\t\t\t<div class=\"elementor-widget-container\">\n\t\t\t\t\t<h2 class=\"elementor-heading-title elementor-size-default\">Ce que nous avont d\u00e9j\u00e0 r\u00e9alis\u00e9 sur maison &amp; objet :<\/h2>\t\t\t\t<\/div>\n\t\t\t\t<\/div>\n\t\t\t\t<div class=\"elementor-element elementor-element-2a1ed08 elementor-widget elementor-widget-gallery\" data-id=\"2a1ed08\" data-element_type=\"widget\" data-e-type=\"widget\" data-settings=\"{&quot;columns&quot;:2,&quot;aspect_ratio&quot;:&quot;4:3&quot;,&quot;lazyload&quot;:&quot;yes&quot;,&quot;gallery_layout&quot;:&quot;grid&quot;,&quot;columns_tablet&quot;:2,&quot;columns_mobile&quot;:1,&quot;gap&quot;:{&quot;unit&quot;:&quot;px&quot;,&quot;size&quot;:10,&quot;sizes&quot;:[]},&quot;gap_tablet&quot;:{&quot;unit&quot;:&quot;px&quot;,&quot;size&quot;:10,&quot;sizes&quot;:[]},&quot;gap_mobile&quot;:{&quot;unit&quot;:&quot;px&quot;,&quot;size&quot;:10,&quot;sizes&quot;:[]},&quot;link_to&quot;:&quot;file&quot;,&quot;overlay_background&quot;:&quot;yes&quot;}\" data-widget_type=\"gallery.default\">\n\t\t\t\t<div class=\"elementor-widget-container\">\n\t\t\t\t\t\t\t<div class=\"elementor-gallery__container\">\n\t\t\t\t\t\t\t<a class=\"e-gallery-item elementor-gallery-item\" href=\"https:\/\/lasdecors.fr\/wp-content\/uploads\/2026\/02\/OPJET_MAISONOBJET_1.jpg\" data-elementor-open-lightbox=\"yes\" data-elementor-lightbox-slideshow=\"2a1ed08\" data-elementor-lightbox-title=\"OPJET_MAISON&amp;OBJET_1\" data-e-action-hash=\"#elementor-action%3Aaction%3Dlightbox%26settings%3DeyJpZCI6Njg5MiwidXJsIjoiaHR0cHM6XC9cL2xhc2RlY29ycy5mclwvd3AtY29udGVudFwvdXBsb2Fkc1wvMjAyNlwvMDJcL09QSkVUX01BSVNPTk9CSkVUXzEuanBnIiwic2xpZGVzaG93IjoiMmExZWQwOCJ9\">\n\t\t\t\t\t<div class=\"e-gallery-image elementor-gallery-item__image\" data-thumbnail=\"https:\/\/lasdecors.fr\/wp-content\/uploads\/2026\/02\/OPJET_MAISONOBJET_1.jpg\" data-width=\"800\" data-height=\"600\" aria-label=\"\" role=\"img\" ><\/div>\n\t\t\t\t\t\t\t\t\t\t\t<div class=\"elementor-gallery-item__overlay\"><\/div>\n\t\t\t\t\t\t\t\t\t\t\t\t\t\t<\/a>\n\t\t\t\t\t\t\t<a class=\"e-gallery-item elementor-gallery-item\" href=\"https:\/\/lasdecors.fr\/wp-content\/uploads\/2026\/02\/OPJET_MAISONOBJET_2.jpg\" data-elementor-open-lightbox=\"yes\" data-elementor-lightbox-slideshow=\"2a1ed08\" data-elementor-lightbox-title=\"OPJET_MAISON&amp;OBJET_2\" data-e-action-hash=\"#elementor-action%3Aaction%3Dlightbox%26settings%3DeyJpZCI6Njg5MywidXJsIjoiaHR0cHM6XC9cL2xhc2RlY29ycy5mclwvd3AtY29udGVudFwvdXBsb2Fkc1wvMjAyNlwvMDJcL09QSkVUX01BSVNPTk9CSkVUXzIuanBnIiwic2xpZGVzaG93IjoiMmExZWQwOCJ9\">\n\t\t\t\t\t<div class=\"e-gallery-image elementor-gallery-item__image\" data-thumbnail=\"https:\/\/lasdecors.fr\/wp-content\/uploads\/2026\/02\/OPJET_MAISONOBJET_2.jpg\" data-width=\"800\" data-height=\"600\" aria-label=\"\" role=\"img\" ><\/div>\n\t\t\t\t\t\t\t\t\t\t\t<div class=\"elementor-gallery-item__overlay\"><\/div>\n\t\t\t\t\t\t\t\t\t\t\t\t\t\t<\/a>\n\t\t\t\t\t<\/div>\n\t\t\t\t\t<\/div>\n\t\t\t\t<\/div>\n\t\t\t\t<\/div>\n\t\t\t\t\t<\/div>\n\t\t\t\t<\/div>\n\t\t<div class=\"elementor-element elementor-element-a53808a e-flex e-con-boxed wpr-particle-no wpr-jarallax-no wpr-parallax-no wpr-sticky-section-no wpr-column-slider-no wpr-equal-height-no e-con e-parent\" data-id=\"a53808a\" data-element_type=\"container\" data-e-type=\"container\">\n\t\t\t\t\t<div class=\"e-con-inner\">\n\t\t\t\t<div class=\"elementor-element elementor-element-ee14971 elementor-widget elementor-widget-heading\" data-id=\"ee14971\" data-element_type=\"widget\" data-e-type=\"widget\" data-widget_type=\"heading.default\">\n\t\t\t\t<div class=\"elementor-widget-container\">\n\t\t\t\t\t<h2 class=\"elementor-heading-title elementor-size-default\">Pr\u00e9parez d\u00e8s maintenant votre pr\u00e9sence \u00e0 Maison &amp; Objet<\/h2>\t\t\t\t<\/div>\n\t\t\t\t<\/div>\n\t\t\t\t<div class=\"elementor-element elementor-element-cce5abe elementor-widget elementor-widget-text-editor\" data-id=\"cce5abe\" data-element_type=\"widget\" data-e-type=\"widget\" data-widget_type=\"text-editor.default\">\n\t\t\t\t<div class=\"elementor-widget-container\">\n\t\t\t\t\t\t\t\t\t<p>Votre marque pr\u00e9voit d\u2019exposer \u00e0 <strong data-start=\"3124\" data-end=\"3143\">Maison &amp; Objet<\/strong>&nbsp;? N\u2019attendez pas pour penser votre espace. En collaborant avec <strong data-start=\"3207\" data-end=\"3222\">L\u2019As D\u00e9cors<\/strong>, vous b\u00e9n\u00e9ficiez de l\u2019expertise d\u2019une <strong data-start=\"3261\" data-end=\"3284\">entreprise de stand<\/strong> reconnue, capable de concevoir des stands \u00e0 fort impact, en phase avec les enjeux de votre secteur.<\/p>\t\t\t\t\t\t\t\t<\/div>\n\t\t\t\t<\/div>\n\t\t<div class=\"elementor-element elementor-element-bc2c946 e-con-full e-flex wpr-particle-no wpr-jarallax-no wpr-parallax-no wpr-sticky-section-no wpr-column-slider-no wpr-equal-height-no e-con e-child\" data-id=\"bc2c946\" data-element_type=\"container\" data-e-type=\"container\">\n\t\t\t\t<div class=\"elementor-element elementor-element-212f3b2 elementor-widget elementor-widget-heading\" data-id=\"212f3b2\" data-element_type=\"widget\" data-e-type=\"widget\" data-widget_type=\"heading.default\">\n\t\t\t\t<div class=\"elementor-widget-container\">\n\t\t\t\t\t<h2 class=\"elementor-heading-title elementor-size-default\">D\u00e9couvrez notre savoir faire :<\/h2>\t\t\t\t<\/div>\n\t\t\t\t<\/div>\n\t\t\t\t<div class=\"elementor-element elementor-element-4bb111a elementor-widget elementor-widget-button\" data-id=\"4bb111a\" data-element_type=\"widget\" data-e-type=\"widget\" data-widget_type=\"button.default\">\n\t\t\t\t<div class=\"elementor-widget-container\">\n\t\t\t\t\t\t\t\t\t<div class=\"elementor-button-wrapper\">\n\t\t\t\t\t<a class=\"elementor-button elementor-button-link elementor-size-sm elementor-animation-shrink\" href=\"https:\/\/lasdecors.fr\/en\/stands-premium-eco-modulable-nomades\/\">\n\t\t\t\t\t\t<span class=\"elementor-button-content-wrapper\">\n\t\t\t\t\t\t<span class=\"elementor-button-icon\">\n\t\t\t\t<i aria-hidden=\"true\" class=\"far fa-hand-point-right\"><\/i>\t\t\t<\/span>\n\t\t\t\t\t\t\t\t\t<span class=\"elementor-button-text\">OUR EXHIBITION STANDS<\/span>\n\t\t\t\t\t<\/span>\n\t\t\t\t\t<\/a>\n\t\t\t\t<\/div>\n\t\t\t\t\t\t\t\t<\/div>\n\t\t\t\t<\/div>\n\t\t\t\t<\/div>\n\t\t\t\t\t<\/div>\n\t\t\t\t<\/div>\n\t\t<div class=\"elementor-element elementor-element-020d34e e-flex e-con-boxed wpr-particle-no wpr-jarallax-no wpr-parallax-no wpr-sticky-section-no wpr-column-slider-no wpr-equal-height-no e-con e-parent\" data-id=\"020d34e\" data-element_type=\"container\" data-e-type=\"container\">\n\t\t\t\t\t<div class=\"e-con-inner\">\n\t\t\t\t<div class=\"elementor-element elementor-element-a5261e9 elementor-widget elementor-widget-google_maps\" data-id=\"a5261e9\" data-element_type=\"widget\" data-e-type=\"widget\" data-widget_type=\"google_maps.default\">\n\t\t\t\t<div class=\"elementor-widget-container\">\n\t\t\t\t\t\t\t<div class=\"elementor-custom-embed\">\n\t\t\t<iframe loading=\"lazy\"\n\t\t\t\t\tsrc=\"https:\/\/maps.google.com\/maps?q=Parc%20des%20expositions%20de%20Villepinte&#038;t=m&#038;z=10&#038;output=embed&#038;iwloc=near\"\n\t\t\t\t\ttitle=\"Parc des expositions de Villepinte\"\n\t\t\t\t\taria-label=\"Parc des expositions de Villepinte\"\n\t\t\t><\/iframe>\n\t\t<\/div>\n\t\t\t\t\t\t<\/div>\n\t\t\t\t<\/div>\n\t\t\t\t\t<\/div>\n\t\t\t\t<\/div>\n\t\t\t\t<\/div>","protected":false},"excerpt":{"rendered":"<p>Le salon Maison &#038; Objet, c\u2019est l\u2019\u00e9v\u00e9nement international de la fili\u00e8re de la d\u00e9coration, du design et de l\u2019art de vivre. Du 10 au 14 septembre 2026 et du 14 au 18 janvier 2027 au parc des expositions de Villepinte.<br \/>\nRetrouvez comment nous pouvons vous aider en tant que Standiste pour Maison &#038; Objet !<\/p>","protected":false},"author":5,"featured_media":6208,"comment_status":"closed","ping_status":"closed","sticky":false,"template":"","format":"standard","meta":{"_acf_changed":false,"footnotes":""},"categories":[23,29,37],"tags":[],"post_folder":[49],"class_list":["post-6206","post","type-post","status-publish","format-standard","has-post-thumbnail","hentry","category-salon","category-salons-janvier","category-salons-septembre"],"acf":[],"_links":{"self":[{"href":"https:\/\/lasdecors.fr\/en\/wp-json\/wp\/v2\/posts\/6206","targetHints":{"allow":["GET"]}}],"collection":[{"href":"https:\/\/lasdecors.fr\/en\/wp-json\/wp\/v2\/posts"}],"about":[{"href":"https:\/\/lasdecors.fr\/en\/wp-json\/wp\/v2\/types\/post"}],"author":[{"embeddable":true,"href":"https:\/\/lasdecors.fr\/en\/wp-json\/wp\/v2\/users\/5"}],"replies":[{"embeddable":true,"href":"https:\/\/lasdecors.fr\/en\/wp-json\/wp\/v2\/comments?post=6206"}],"version-history":[{"count":14,"href":"https:\/\/lasdecors.fr\/en\/wp-json\/wp\/v2\/posts\/6206\/revisions"}],"predecessor-version":[{"id":7600,"href":"https:\/\/lasdecors.fr\/en\/wp-json\/wp\/v2\/posts\/6206\/revisions\/7600"}],"wp:featuredmedia":[{"embeddable":true,"href":"https:\/\/lasdecors.fr\/en\/wp-json\/wp\/v2\/media\/6208"}],"wp:attachment":[{"href":"https:\/\/lasdecors.fr\/en\/wp-json\/wp\/v2\/media?parent=6206"}],"wp:term":[{"taxonomy":"category","embeddable":true,"href":"https:\/\/lasdecors.fr\/en\/wp-json\/wp\/v2\/categories?post=6206"},{"taxonomy":"post_tag","embeddable":true,"href":"https:\/\/lasdecors.fr\/en\/wp-json\/wp\/v2\/tags?post=6206"},{"taxonomy":"post_folder","embeddable":true,"href":"https:\/\/lasdecors.fr\/en\/wp-json\/wp\/v2\/post_folder?post=6206"}],"curies":[{"name":"wp","href":"https:\/\/api.w.org\/{rel}","templated":true}]}}