{"id":6961,"date":"2026-02-04T15:30:44","date_gmt":"2026-02-04T15:30:44","guid":{"rendered":"https:\/\/lasdecors.fr\/?p=6961"},"modified":"2026-04-15T09:54:59","modified_gmt":"2026-04-15T09:54:59","slug":"standiste-pour-world-hydrogen","status":"publish","type":"post","link":"https:\/\/lasdecors.fr\/en\/standiste-pour-world-hydrogen\/","title":{"rendered":"World Hydrogen 2026"},"content":{"rendered":"<div data-elementor-type=\"wp-post\" data-elementor-id=\"6961\" class=\"elementor elementor-6961\" data-elementor-post-type=\"post\">\n\t\t\t\t<div class=\"elementor-element elementor-element-9465781 e-flex e-con-boxed wpr-particle-no wpr-jarallax-no wpr-parallax-no wpr-sticky-section-no wpr-column-slider-no wpr-equal-height-no e-con e-parent\" data-id=\"9465781\" data-element_type=\"container\" data-e-type=\"container\">\n\t\t\t\t\t<div class=\"e-con-inner\">\n\t\t\t\t<div class=\"elementor-element elementor-element-c6c9571 elementor-widget elementor-widget-heading\" data-id=\"c6c9571\" data-element_type=\"widget\" data-e-type=\"widget\" data-widget_type=\"heading.default\">\n\t\t\t\t<div class=\"elementor-widget-container\">\n\t\t\t\t\t<h2 class=\"elementor-heading-title elementor-size-default\">Qu'est ce que le salon World hydrogen ?<\/h2>\t\t\t\t<\/div>\n\t\t\t\t<\/div>\n\t\t\t\t<div class=\"elementor-element elementor-element-40b5a21 elementor-widget elementor-widget-text-editor\" data-id=\"40b5a21\" data-element_type=\"widget\" data-e-type=\"widget\" data-widget_type=\"text-editor.default\">\n\t\t\t\t<div class=\"elementor-widget-container\">\n\t\t\t\t\t\t\t\t\t<p>Le salon <strong><a href=\"https:\/\/www.world-hydrogen-summit.com\/world\/en-gb.html\" target=\"_blank\" rel=\"noopener\">World hydrogen<\/a><\/strong> ou \u201cWorld hyrogen Summit &amp; Exhibition\u201d est l\u2019\u00e9v\u00e9nement mondial le plus influent d\u00e9di\u00e9 \u00e0 l\u2019industrie de l\u2019hydrog\u00e8ne. Organis\u00e9 tous les ans pendant le mois de mai \u00e0 Rotterdam Ahoy aux Pays-Bas, ce salon r\u00e9unit les acteurs cl\u00e9 de la fili\u00e8re hydrog\u00e8ne : des d\u00e9cideurs politiques, dirigent d\u2019industrie, investisseurs, ing\u00e9nieurs, fournisseurs de technologie et start-ups innovantes.<\/p><p>Plus qu\u2019une exposition, c\u2019est une plateforme strat\u00e9gique o\u00f9 les innovations, les projets industriels et les strat\u00e9gies de d\u00e9carbonisation prennent forme, permettant de faire avancer les objectifs mondiaux en mati\u00e8re d\u2019\u00e9nergie propre et de neutralit\u00e9 carbone<\/p>\t\t\t\t\t\t\t\t<\/div>\n\t\t\t\t<\/div>\n\t\t\t\t\t<\/div>\n\t\t\t\t<\/div>\n\t\t<div class=\"elementor-element elementor-element-a3f5dfc e-flex e-con-boxed wpr-particle-no wpr-jarallax-no wpr-parallax-no wpr-sticky-section-no wpr-column-slider-no wpr-equal-height-no e-con e-parent\" data-id=\"a3f5dfc\" data-element_type=\"container\" data-e-type=\"container\">\n\t\t\t\t\t<div class=\"e-con-inner\">\n\t\t\t\t<div class=\"elementor-element elementor-element-4639136 elementor-widget elementor-widget-heading\" data-id=\"4639136\" data-element_type=\"widget\" data-e-type=\"widget\" data-widget_type=\"heading.default\">\n\t\t\t\t<div class=\"elementor-widget-container\">\n\t\t\t\t\t<h2 class=\"elementor-heading-title elementor-size-default\">Pourquoi exposer au salon World Hydrogen ?<!-- notionvc: dfb456a3-80f7-4fe7-94c5-73a12f3081ed --><\/h2>\t\t\t\t<\/div>\n\t\t\t\t<\/div>\n\t\t\t\t<div class=\"elementor-element elementor-element-68b3237 elementor-widget elementor-widget-text-editor\" data-id=\"68b3237\" data-element_type=\"widget\" data-e-type=\"widget\" data-widget_type=\"text-editor.default\">\n\t\t\t\t<div class=\"elementor-widget-container\">\n\t\t\t\t\t\t\t\t\t<p>Participer au salon World Hydrogen Summit &amp; Exhibition signifie s\u2019inscrire dans une dynamique de leadership et d\u2019innovation sur un march\u00e9 en pleine expansion. Cet \u00e9v\u00e9nement offre une occasion unique de :<\/p><ul><li>Mettre en lumi\u00e8re vos produits, solutions et projets aupr\u00e8s d\u2019un public international d\u2019expert, d\u00e9cideurs et investisseurs.<\/li><li>Entrer en contact avec des responsables R&amp;D, des chefs de projet et des industries impliqu\u00e9s dans la cha\u00eene de valeur de l\u2019hydrog\u00e8ne.<\/li><li>G\u00e9n\u00e9rer des leads qualifi\u00e9s, tisser des partenariats strat\u00e9giques et conclure des accords d\u2019affaires sur place.<\/li><li>Positionner votre entreprise comme un acteur cl\u00e9 de la transition \u00e9nerg\u00e9tique et de la d\u00e9carbonation.<\/li><\/ul><p>Avec plusieurs milliers de professionnels attendus, dont des repr\u00e9sentants gouvernementaux, des leaders industriels, des investisseurs et des innovateurs du monde entier, World Hydrogen est bien plus qu\u2019un salon : c\u2019est une vitrine mondiale de la r\u00e9volution hydrog\u00e8ne.<\/p>\t\t\t\t\t\t\t\t<\/div>\n\t\t\t\t<\/div>\n\t\t\t\t\t<\/div>\n\t\t\t\t<\/div>\n\t\t<div class=\"elementor-element elementor-element-474b2b0 e-flex e-con-boxed wpr-particle-no wpr-jarallax-no wpr-parallax-no wpr-sticky-section-no wpr-column-slider-no wpr-equal-height-no e-con e-parent\" data-id=\"474b2b0\" data-element_type=\"container\" data-e-type=\"container\">\n\t\t\t\t\t<div class=\"e-con-inner\">\n\t\t\t\t<div class=\"elementor-element elementor-element-4e928c5 elementor-widget elementor-widget-heading\" data-id=\"4e928c5\" data-element_type=\"widget\" data-e-type=\"widget\" data-widget_type=\"heading.default\">\n\t\t\t\t<div class=\"elementor-widget-container\">\n\t\t\t\t\t<h2 class=\"elementor-heading-title elementor-size-default\">L\u2019AS DECORS, standiste pour world hydrogen<\/h2>\t\t\t\t<\/div>\n\t\t\t\t<\/div>\n\t\t\t\t<div class=\"elementor-element elementor-element-a7ccf8c elementor-widget elementor-widget-text-editor\" data-id=\"a7ccf8c\" data-element_type=\"widget\" data-e-type=\"widget\" data-widget_type=\"text-editor.default\">\n\t\t\t\t<div class=\"elementor-widget-container\">\n\t\t\t\t\t\t\t\t\t<p>Chez L\u2019AS DECORS, chaque stand est une cr\u00e9ation unique, pens\u00e9e pour servir votre strat\u00e9gie commerciale et valoriser votre pr\u00e9sence sur un salon d\u2019envergure internationale. Nos \u00e9quipes vous accompagnent de A \u00e0 Z :<\/p><p>&#8211; Conception du design personnalis\u00e9<br \/>&#8211; Mod\u00e9lisation 3D immersive<br \/>&#8211; Fabrication dans nos ateliers en France<br \/>&#8211; Logistique, transport, montage et d\u00e9montage sur site<\/p><p>Nous concevons des stands durables, faciles \u00e0 stocker et r\u00e9utilisables lors de futurs \u00e9v\u00e9nements, ce qui optimise votre investissement. En tant qu\u2019entreprise responsable, nous int\u00e9grons des pratiques respectueuse de l\u2019environnement dans chacun de nos projets, pour limiter l\u2019impact carbone de votre participation tout en renfor\u00e7ant l\u2019image engag\u00e9e de votre marque.<\/p><p>Notre force ? Cr\u00e9er des espaces immersifs, esth\u00e9tiques et fonctionnels qui facilitent les \u00e9changes, captent l\u2019attention des visiteurs et offrent une exp\u00e9rience m\u00e9morable. Que vous souhaitiez un stand traditionnel ou modulable, nous adaptions nos solutions \u00e0 vos objectifs et contraintes techniques.<\/p>\t\t\t\t\t\t\t\t<\/div>\n\t\t\t\t<\/div>\n\t\t\t\t\t<\/div>\n\t\t\t\t<\/div>\n\t\t<div class=\"elementor-element elementor-element-3be441f e-flex e-con-boxed wpr-particle-no wpr-jarallax-no wpr-parallax-no wpr-sticky-section-no wpr-column-slider-no wpr-equal-height-no e-con e-parent\" data-id=\"3be441f\" data-element_type=\"container\" data-e-type=\"container\">\n\t\t\t\t\t<div class=\"e-con-inner\">\n\t\t\t\t<div class=\"elementor-element elementor-element-61d62ce elementor-widget elementor-widget-heading\" data-id=\"61d62ce\" data-element_type=\"widget\" data-e-type=\"widget\" data-widget_type=\"heading.default\">\n\t\t\t\t<div class=\"elementor-widget-container\">\n\t\t\t\t\t<h2 class=\"elementor-heading-title elementor-size-default\">Ce que nous avons d\u00e9j\u00e0 r\u00e9alis\u00e9 sur World Hydrogen :<!-- notionvc: 523a5ce6-95a1-4621-ae7f-cb721557f197 --><\/h2>\t\t\t\t<\/div>\n\t\t\t\t<\/div>\n\t\t\t\t<div class=\"elementor-element elementor-element-9f69537 elementor-widget elementor-widget-gallery\" data-id=\"9f69537\" data-element_type=\"widget\" data-e-type=\"widget\" data-settings=\"{&quot;columns&quot;:2,&quot;aspect_ratio&quot;:&quot;4:3&quot;,&quot;lazyload&quot;:&quot;yes&quot;,&quot;gallery_layout&quot;:&quot;grid&quot;,&quot;columns_tablet&quot;:2,&quot;columns_mobile&quot;:1,&quot;gap&quot;:{&quot;unit&quot;:&quot;px&quot;,&quot;size&quot;:10,&quot;sizes&quot;:[]},&quot;gap_tablet&quot;:{&quot;unit&quot;:&quot;px&quot;,&quot;size&quot;:10,&quot;sizes&quot;:[]},&quot;gap_mobile&quot;:{&quot;unit&quot;:&quot;px&quot;,&quot;size&quot;:10,&quot;sizes&quot;:[]},&quot;link_to&quot;:&quot;file&quot;,&quot;overlay_background&quot;:&quot;yes&quot;}\" data-widget_type=\"gallery.default\">\n\t\t\t\t<div class=\"elementor-widget-container\">\n\t\t\t\t\t\t\t<div class=\"elementor-gallery__container\">\n\t\t\t\t\t\t\t<a class=\"e-gallery-item elementor-gallery-item\" href=\"https:\/\/lasdecors.fr\/wp-content\/uploads\/2026\/02\/FORVIA_WORLDHYDROGEN.jpg\" data-elementor-open-lightbox=\"yes\" data-elementor-lightbox-slideshow=\"9f69537\" data-elementor-lightbox-title=\"FORVIA_WORLDHYDROGEN\" data-e-action-hash=\"#elementor-action%3Aaction%3Dlightbox%26settings%3DeyJpZCI6Njk2NywidXJsIjoiaHR0cHM6XC9cL2xhc2RlY29ycy5mclwvd3AtY29udGVudFwvdXBsb2Fkc1wvMjAyNlwvMDJcL0ZPUlZJQV9XT1JMREhZRFJPR0VOLmpwZyIsInNsaWRlc2hvdyI6IjlmNjk1MzcifQ%3D%3D\">\n\t\t\t\t\t<div class=\"e-gallery-image elementor-gallery-item__image\" data-thumbnail=\"https:\/\/lasdecors.fr\/wp-content\/uploads\/2026\/02\/FORVIA_WORLDHYDROGEN.jpg\" data-width=\"800\" data-height=\"600\" aria-label=\"\" role=\"img\" ><\/div>\n\t\t\t\t\t\t\t\t\t\t\t<div class=\"elementor-gallery-item__overlay\"><\/div>\n\t\t\t\t\t\t\t\t\t\t\t\t\t\t<\/a>\n\t\t\t\t\t<\/div>\n\t\t\t\t\t<\/div>\n\t\t\t\t<\/div>\n\t\t\t\t\t<\/div>\n\t\t\t\t<\/div>\n\t\t<div class=\"elementor-element elementor-element-1283445 e-flex e-con-boxed wpr-particle-no wpr-jarallax-no wpr-parallax-no wpr-sticky-section-no wpr-column-slider-no wpr-equal-height-no e-con e-parent\" data-id=\"1283445\" data-element_type=\"container\" data-e-type=\"container\">\n\t\t\t\t\t<div class=\"e-con-inner\">\n\t\t\t\t<div class=\"elementor-element elementor-element-fd52323 elementor-widget elementor-widget-heading\" data-id=\"fd52323\" data-element_type=\"widget\" data-e-type=\"widget\" data-widget_type=\"heading.default\">\n\t\t\t\t<div class=\"elementor-widget-container\">\n\t\t\t\t\t<h2 class=\"elementor-heading-title elementor-size-default\">Un projet de Stand pour World hydrogen ? Parlons-en !<!-- notionvc: f2cff979-6bf2-4aa5-9bb9-6db41b05c23e --><\/h2>\t\t\t\t<\/div>\n\t\t\t\t<\/div>\n\t\t\t\t<div class=\"elementor-element elementor-element-63d1cef elementor-widget elementor-widget-text-editor\" data-id=\"63d1cef\" data-element_type=\"widget\" data-e-type=\"widget\" data-widget_type=\"text-editor.default\">\n\t\t\t\t<div class=\"elementor-widget-container\">\n\t\t\t\t\t\t\t\t\t<p>Vous envisagez de participer \u00e0 World Hydrogen ? Anticipez votre pr\u00e9sence en collaborant avec un standiste reconnu pour la qualit\u00e9 de ses r\u00e9alisations.<\/p><p>L\u2019AS DECORS vous accompagne de la premi\u00e8re esquisse \u00e0 la r\u00e9alisation finale pour faire de votre stand un v\u00e9ritable levier d\u2019attractivit\u00e9 et de performance pour votre entreprise.<\/p>\t\t\t\t\t\t\t\t<\/div>\n\t\t\t\t<\/div>\n\t\t<div class=\"elementor-element elementor-element-01a0f2d e-con-full e-flex wpr-particle-no wpr-jarallax-no wpr-parallax-no wpr-sticky-section-no wpr-column-slider-no wpr-equal-height-no e-con e-child\" data-id=\"01a0f2d\" data-element_type=\"container\" data-e-type=\"container\">\n\t\t\t\t<div class=\"elementor-element elementor-element-f15dfed elementor-widget elementor-widget-heading\" data-id=\"f15dfed\" data-element_type=\"widget\" data-e-type=\"widget\" data-widget_type=\"heading.default\">\n\t\t\t\t<div class=\"elementor-widget-container\">\n\t\t\t\t\t<h2 class=\"elementor-heading-title elementor-size-default\">D\u00e9couvrez notre savoir faire :<\/h2>\t\t\t\t<\/div>\n\t\t\t\t<\/div>\n\t\t\t\t<div class=\"elementor-element elementor-element-5fc69b5 elementor-widget elementor-widget-button\" data-id=\"5fc69b5\" data-element_type=\"widget\" data-e-type=\"widget\" data-widget_type=\"button.default\">\n\t\t\t\t<div class=\"elementor-widget-container\">\n\t\t\t\t\t\t\t\t\t<div class=\"elementor-button-wrapper\">\n\t\t\t\t\t<a class=\"elementor-button elementor-button-link elementor-size-sm elementor-animation-shrink\" href=\"https:\/\/lasdecors.fr\/en\/stands-premium-eco-modulable-nomades\/\">\n\t\t\t\t\t\t<span class=\"elementor-button-content-wrapper\">\n\t\t\t\t\t\t<span class=\"elementor-button-icon\">\n\t\t\t\t<i aria-hidden=\"true\" class=\"far fa-hand-point-right\"><\/i>\t\t\t<\/span>\n\t\t\t\t\t\t\t\t\t<span class=\"elementor-button-text\">OUR EXHIBITION STANDS<\/span>\n\t\t\t\t\t<\/span>\n\t\t\t\t\t<\/a>\n\t\t\t\t<\/div>\n\t\t\t\t\t\t\t\t<\/div>\n\t\t\t\t<\/div>\n\t\t\t\t<\/div>\n\t\t\t\t\t<\/div>\n\t\t\t\t<\/div>\n\t\t<div class=\"elementor-element elementor-element-3afa1f9 e-flex e-con-boxed wpr-particle-no wpr-jarallax-no wpr-parallax-no wpr-sticky-section-no wpr-column-slider-no wpr-equal-height-no e-con e-parent\" data-id=\"3afa1f9\" data-element_type=\"container\" data-e-type=\"container\">\n\t\t\t\t\t<div class=\"e-con-inner\">\n\t\t\t\t<div class=\"elementor-element elementor-element-9b22d6c elementor-widget elementor-widget-google_maps\" data-id=\"9b22d6c\" data-element_type=\"widget\" data-e-type=\"widget\" data-widget_type=\"google_maps.default\">\n\t\t\t\t<div class=\"elementor-widget-container\">\n\t\t\t\t\t\t\t<div class=\"elementor-custom-embed\">\n\t\t\t<iframe loading=\"lazy\"\n\t\t\t\t\tsrc=\"https:\/\/maps.google.com\/maps?q=Rotterdam%20ahoy&#038;t=m&#038;z=10&#038;output=embed&#038;iwloc=near\"\n\t\t\t\t\ttitle=\"Rotterdam ahoy\"\n\t\t\t\t\taria-label=\"Rotterdam ahoy\"\n\t\t\t><\/iframe>\n\t\t<\/div>\n\t\t\t\t\t\t<\/div>\n\t\t\t\t<\/div>\n\t\t\t\t\t<\/div>\n\t\t\t\t<\/div>\n\t\t\t\t<\/div>","protected":false},"excerpt":{"rendered":"<p>Le salon World Hydrogen, c\u2019est le rendez-vous des acteurs cl\u00e9 de la fili\u00e8re hydrog\u00e8ne. Du 19 au 21 au mai 2026 \u00e0 Rotterdam Ahoy \u2013 Pays-Bas.<br \/>\nD\u00e9couvrez notre expertise en tant que  s tandiste pour World Hydrogen !<\/p>","protected":false},"author":5,"featured_media":6967,"comment_status":"closed","ping_status":"closed","sticky":false,"template":"","format":"standard","meta":{"_acf_changed":false,"footnotes":""},"categories":[23,33],"tags":[],"post_folder":[49],"class_list":["post-6961","post","type-post","status-publish","format-standard","has-post-thumbnail","hentry","category-salon","category-salons-mai"],"acf":[],"_links":{"self":[{"href":"https:\/\/lasdecors.fr\/en\/wp-json\/wp\/v2\/posts\/6961","targetHints":{"allow":["GET"]}}],"collection":[{"href":"https:\/\/lasdecors.fr\/en\/wp-json\/wp\/v2\/posts"}],"about":[{"href":"https:\/\/lasdecors.fr\/en\/wp-json\/wp\/v2\/types\/post"}],"author":[{"embeddable":true,"href":"https:\/\/lasdecors.fr\/en\/wp-json\/wp\/v2\/users\/5"}],"replies":[{"embeddable":true,"href":"https:\/\/lasdecors.fr\/en\/wp-json\/wp\/v2\/comments?post=6961"}],"version-history":[{"count":32,"href":"https:\/\/lasdecors.fr\/en\/wp-json\/wp\/v2\/posts\/6961\/revisions"}],"predecessor-version":[{"id":7622,"href":"https:\/\/lasdecors.fr\/en\/wp-json\/wp\/v2\/posts\/6961\/revisions\/7622"}],"wp:featuredmedia":[{"embeddable":true,"href":"https:\/\/lasdecors.fr\/en\/wp-json\/wp\/v2\/media\/6967"}],"wp:attachment":[{"href":"https:\/\/lasdecors.fr\/en\/wp-json\/wp\/v2\/media?parent=6961"}],"wp:term":[{"taxonomy":"category","embeddable":true,"href":"https:\/\/lasdecors.fr\/en\/wp-json\/wp\/v2\/categories?post=6961"},{"taxonomy":"post_tag","embeddable":true,"href":"https:\/\/lasdecors.fr\/en\/wp-json\/wp\/v2\/tags?post=6961"},{"taxonomy":"post_folder","embeddable":true,"href":"https:\/\/lasdecors.fr\/en\/wp-json\/wp\/v2\/post_folder?post=6961"}],"curies":[{"name":"wp","href":"https:\/\/api.w.org\/{rel}","templated":true}]}}