{"id":6980,"date":"2026-02-05T10:16:02","date_gmt":"2026-02-05T10:16:02","guid":{"rendered":"https:\/\/lasdecors.fr\/?p=6980"},"modified":"2026-04-14T14:43:42","modified_gmt":"2026-04-14T14:43:42","slug":"standiste-pour-energaia-2026-as-decors","status":"publish","type":"post","link":"https:\/\/lasdecors.fr\/en\/standiste-pour-energaia-2026-as-decors\/","title":{"rendered":"EnerGa\u00efa 2026"},"content":{"rendered":"<div data-elementor-type=\"wp-post\" data-elementor-id=\"6980\" class=\"elementor elementor-6980\" data-elementor-post-type=\"post\">\n\t\t\t\t<div class=\"elementor-element elementor-element-87d04ef e-flex e-con-boxed wpr-particle-no wpr-jarallax-no wpr-parallax-no wpr-sticky-section-no wpr-column-slider-no wpr-equal-height-no e-con e-parent\" data-id=\"87d04ef\" data-element_type=\"container\" data-e-type=\"container\">\n\t\t\t\t\t<div class=\"e-con-inner\">\n\t\t\t\t<div class=\"elementor-element elementor-element-daa8fe7 elementor-widget elementor-widget-heading\" data-id=\"daa8fe7\" data-element_type=\"widget\" data-e-type=\"widget\" data-widget_type=\"heading.default\">\n\t\t\t\t<div class=\"elementor-widget-container\">\n\t\t\t\t\t<h2 class=\"elementor-heading-title elementor-size-default\">Qu'est ce que le salon EnerGa\u00efa ?<\/h2>\t\t\t\t<\/div>\n\t\t\t\t<\/div>\n\t\t\t\t<div class=\"elementor-element elementor-element-9a969ac elementor-widget elementor-widget-text-editor\" data-id=\"9a969ac\" data-element_type=\"widget\" data-e-type=\"widget\" data-widget_type=\"text-editor.default\">\n\t\t\t\t<div class=\"elementor-widget-container\">\n\t\t\t\t\t\t\t\t\t<p>Le <strong><a href=\"https:\/\/www.parc-expo-montpellier.com\/\" target=\"_blank\" rel=\"noopener\">salon EnerGa\u00efa<\/a><\/strong> est le rendez-vous professionnel incontournable d\u00e9di\u00e9 aux \u00e9nergies renouvelables en France, organis\u00e9 chaque ann\u00e9e au Parc des Expositions de Montpellier pendant le mois de d\u00e9cembre. Cet \u00e9v\u00e9nement rassemble des acteurs de la transition \u00e9nerg\u00e9tique : industriels, entreprise, collectivit\u00e9s, d\u00e9cideurs, fournisseurs de technologie et start-ups, afin d\u2019\u00e9changer, innover et co-construire des solutions concr\u00e8tes face aux d\u00e9fis \u00e9nerg\u00e9tiques actuels.<\/p>\t\t\t\t\t\t\t\t<\/div>\n\t\t\t\t<\/div>\n\t\t\t\t\t<\/div>\n\t\t\t\t<\/div>\n\t\t<div class=\"elementor-element elementor-element-cb9153a e-flex e-con-boxed wpr-particle-no wpr-jarallax-no wpr-parallax-no wpr-sticky-section-no wpr-column-slider-no wpr-equal-height-no e-con e-parent\" data-id=\"cb9153a\" data-element_type=\"container\" data-e-type=\"container\">\n\t\t\t\t\t<div class=\"e-con-inner\">\n\t\t\t\t<div class=\"elementor-element elementor-element-a5ced6e elementor-widget elementor-widget-heading\" data-id=\"a5ced6e\" data-element_type=\"widget\" data-e-type=\"widget\" data-widget_type=\"heading.default\">\n\t\t\t\t<div class=\"elementor-widget-container\">\n\t\t\t\t\t<h2 class=\"elementor-heading-title elementor-size-default\">Pourquoi exposer sur le salon EnerGa\u00efa ?<\/h2>\t\t\t\t<\/div>\n\t\t\t\t<\/div>\n\t\t\t\t<div class=\"elementor-element elementor-element-6a56cb9 elementor-widget elementor-widget-text-editor\" data-id=\"6a56cb9\" data-element_type=\"widget\" data-e-type=\"widget\" data-widget_type=\"text-editor.default\">\n\t\t\t\t<div class=\"elementor-widget-container\">\n\t\t\t\t\t\t\t\t\t<p>Participer au Salon EnerGa\u00efa est une opportunit\u00e9 de :<\/p><ul><li>Mettre en avant vos solutions, produits ou services devant un public professionnel compos\u00e9 d\u2019industriels, de d\u00e9cideurs publics et de d\u00e9cideurs territoriaux engag\u00e9s dans la transition \u00e9nerg\u00e9tique<\/li><li>Gagner en visibilit\u00e9 et montrer votre expertise aupr\u00e8s de porteurs de projets, d\u2019acheteurs qualifi\u00e9s et de partenaires potentiels.<\/li><li>\u00c9tablir des synergies durables et nouer des partenariats strat\u00e9giques<\/li><li>Anticiper les tendances du secteur et dynamiser votre r\u00e9seau professionnel gr\u00e2ce \u00e0 plusieurs conf\u00e9rences, tables rondes et pitchs d\u2019exposants.<\/li><\/ul><p>Avec plusieurs centaines d\u2019exposants et des dizaines de milliers de participants attendus, EnerGa\u00efa repr\u00e9sente une vitrine strat\u00e9gique pour tout entreprise impliqu\u00e9e dans la production, la distribution ou l\u2019int\u00e9gration de solution \u00e9nerg\u00e9tiques durable.<\/p><p><!-- notionvc: c8ea06fe-9da9-4425-9d4f-dbb3aee7d628 --><\/p>\t\t\t\t\t\t\t\t<\/div>\n\t\t\t\t<\/div>\n\t\t\t\t\t<\/div>\n\t\t\t\t<\/div>\n\t\t<div class=\"elementor-element elementor-element-1af32ee e-flex e-con-boxed wpr-particle-no wpr-jarallax-no wpr-parallax-no wpr-sticky-section-no wpr-column-slider-no wpr-equal-height-no e-con e-parent\" data-id=\"1af32ee\" data-element_type=\"container\" data-e-type=\"container\">\n\t\t\t\t\t<div class=\"e-con-inner\">\n\t\t\t\t<div class=\"elementor-element elementor-element-7314cad elementor-widget elementor-widget-heading\" data-id=\"7314cad\" data-element_type=\"widget\" data-e-type=\"widget\" data-widget_type=\"heading.default\">\n\t\t\t\t<div class=\"elementor-widget-container\">\n\t\t\t\t\t<h2 class=\"elementor-heading-title elementor-size-default\">L\u2019AS DECORS, votre standiste pour EnerGa\u00efa<\/h2>\t\t\t\t<\/div>\n\t\t\t\t<\/div>\n\t\t\t\t<div class=\"elementor-element elementor-element-dcb1530 elementor-widget elementor-widget-text-editor\" data-id=\"dcb1530\" data-element_type=\"widget\" data-e-type=\"widget\" data-widget_type=\"text-editor.default\">\n\t\t\t\t<div class=\"elementor-widget-container\">\n\t\t\t\t\t\t\t\t\t<p>Chez L\u2019AS DECORS, chaque projet de stand est une cr\u00e9ation totalement personnalis\u00e9e, align\u00e9e sur votre strat\u00e9gie commerciale. En tant qu\u2019agence de stand exp\u00e9riment\u00e9, nous vous accompagnons sur l\u2019ensemble du processus :<\/p><ul><li>Conception cr\u00e9ative et design sur mesure<\/li><li>Mod\u00e9lisation 3D pour visualiser votre stand avant production<\/li><li>Fabrication dans nos ateliers en France<\/li><li>Logistique, coordination et montage sur site<\/li><\/ul><p>Nos stands sont con\u00e7us pour \u00eatre \u00e0 la fois esth\u00e9tiques, fonctionnels et durables, tout en restant facilement stockable et r\u00e9utilisables pour vos futurs \u00e9v\u00e9nements. Qu\u2019il s\u2019agisse d\u2019un stand traditionnel, modulable ou immersif, nous adaptons nos solutions \u00e0 vos besoins et \u00e0 vos contraintes techniques pour optimiser chaque m\u00b2 d\u2019exposition.<!-- notionvc: f81115c1-db1f-445e-89c4-750907837b10 --><\/p><p><!-- notionvc: c8ea06fe-9da9-4425-9d4f-dbb3aee7d628 --><\/p>\t\t\t\t\t\t\t\t<\/div>\n\t\t\t\t<\/div>\n\t\t\t\t\t<\/div>\n\t\t\t\t<\/div>\n\t\t<div class=\"elementor-element elementor-element-40a989f e-flex e-con-boxed wpr-particle-no wpr-jarallax-no wpr-parallax-no wpr-sticky-section-no wpr-column-slider-no wpr-equal-height-no e-con e-parent\" data-id=\"40a989f\" data-element_type=\"container\" data-e-type=\"container\">\n\t\t\t\t\t<div class=\"e-con-inner\">\n\t\t\t\t<div class=\"elementor-element elementor-element-3c67670 elementor-widget elementor-widget-heading\" data-id=\"3c67670\" data-element_type=\"widget\" data-e-type=\"widget\" data-widget_type=\"heading.default\">\n\t\t\t\t<div class=\"elementor-widget-container\">\n\t\t\t\t\t<h2 class=\"elementor-heading-title elementor-size-default\">Ce que nous avons d\u00e9j\u00e0 r\u00e9alis\u00e9 sur EnerGa\u00efa<\/h2>\t\t\t\t<\/div>\n\t\t\t\t<\/div>\n\t\t\t\t<div class=\"elementor-element elementor-element-9755943 elementor-widget elementor-widget-gallery\" data-id=\"9755943\" data-element_type=\"widget\" data-e-type=\"widget\" data-settings=\"{&quot;columns&quot;:2,&quot;aspect_ratio&quot;:&quot;4:3&quot;,&quot;lazyload&quot;:&quot;yes&quot;,&quot;gallery_layout&quot;:&quot;grid&quot;,&quot;columns_tablet&quot;:2,&quot;columns_mobile&quot;:1,&quot;gap&quot;:{&quot;unit&quot;:&quot;px&quot;,&quot;size&quot;:10,&quot;sizes&quot;:[]},&quot;gap_tablet&quot;:{&quot;unit&quot;:&quot;px&quot;,&quot;size&quot;:10,&quot;sizes&quot;:[]},&quot;gap_mobile&quot;:{&quot;unit&quot;:&quot;px&quot;,&quot;size&quot;:10,&quot;sizes&quot;:[]},&quot;link_to&quot;:&quot;file&quot;,&quot;overlay_background&quot;:&quot;yes&quot;}\" data-widget_type=\"gallery.default\">\n\t\t\t\t<div class=\"elementor-widget-container\">\n\t\t\t\t\t\t\t<div class=\"elementor-gallery__container\">\n\t\t\t\t\t\t\t<a class=\"e-gallery-item elementor-gallery-item\" href=\"https:\/\/lasdecors.fr\/wp-content\/uploads\/2026\/02\/EQUANS_ENERGAIA_1.jpg\" data-elementor-open-lightbox=\"yes\" data-elementor-lightbox-slideshow=\"9755943\" data-elementor-lightbox-title=\"EQUANS_ENERGA\u00cfA_1\" data-e-action-hash=\"#elementor-action%3Aaction%3Dlightbox%26settings%3DeyJpZCI6Njk4MiwidXJsIjoiaHR0cHM6XC9cL2xhc2RlY29ycy5mclwvd3AtY29udGVudFwvdXBsb2Fkc1wvMjAyNlwvMDJcL0VRVUFOU19FTkVSR0FJQV8xLmpwZyIsInNsaWRlc2hvdyI6Ijk3NTU5NDMifQ%3D%3D\">\n\t\t\t\t\t<div class=\"e-gallery-image elementor-gallery-item__image\" data-thumbnail=\"https:\/\/lasdecors.fr\/wp-content\/uploads\/2026\/02\/EQUANS_ENERGAIA_1.jpg\" data-width=\"800\" data-height=\"600\" aria-label=\"Standiste pour EnerGa\u00efa\" role=\"img\" ><\/div>\n\t\t\t\t\t\t\t\t\t\t\t<div class=\"elementor-gallery-item__overlay\"><\/div>\n\t\t\t\t\t\t\t\t\t\t\t\t\t\t<\/a>\n\t\t\t\t\t\t\t<a class=\"e-gallery-item elementor-gallery-item\" href=\"https:\/\/lasdecors.fr\/wp-content\/uploads\/2026\/02\/EQUANS_ENERGAIA_2.jpg\" data-elementor-open-lightbox=\"yes\" data-elementor-lightbox-slideshow=\"9755943\" data-elementor-lightbox-title=\"EQUANS_ENERGA\u00cfA_2\" data-e-action-hash=\"#elementor-action%3Aaction%3Dlightbox%26settings%3DeyJpZCI6Njk4NiwidXJsIjoiaHR0cHM6XC9cL2xhc2RlY29ycy5mclwvd3AtY29udGVudFwvdXBsb2Fkc1wvMjAyNlwvMDJcL0VRVUFOU19FTkVSR0FJQV8yLmpwZyIsInNsaWRlc2hvdyI6Ijk3NTU5NDMifQ%3D%3D\">\n\t\t\t\t\t<div class=\"e-gallery-image elementor-gallery-item__image\" data-thumbnail=\"https:\/\/lasdecors.fr\/wp-content\/uploads\/2026\/02\/EQUANS_ENERGAIA_2.jpg\" data-width=\"800\" data-height=\"600\" aria-label=\"\" role=\"img\" ><\/div>\n\t\t\t\t\t\t\t\t\t\t\t<div class=\"elementor-gallery-item__overlay\"><\/div>\n\t\t\t\t\t\t\t\t\t\t\t\t\t\t<\/a>\n\t\t\t\t\t<\/div>\n\t\t\t\t\t<\/div>\n\t\t\t\t<\/div>\n\t\t\t\t\t<\/div>\n\t\t\t\t<\/div>\n\t\t<div class=\"elementor-element elementor-element-6b057d4 e-flex e-con-boxed wpr-particle-no wpr-jarallax-no wpr-parallax-no wpr-sticky-section-no wpr-column-slider-no wpr-equal-height-no e-con e-parent\" data-id=\"6b057d4\" data-element_type=\"container\" data-e-type=\"container\">\n\t\t\t\t\t<div class=\"e-con-inner\">\n\t\t\t\t<div class=\"elementor-element elementor-element-14a5dff elementor-widget elementor-widget-heading\" data-id=\"14a5dff\" data-element_type=\"widget\" data-e-type=\"widget\" data-widget_type=\"heading.default\">\n\t\t\t\t<div class=\"elementor-widget-container\">\n\t\t\t\t\t<h2 class=\"elementor-heading-title elementor-size-default\">Pr\u00e9parez d\u00e8s maintenant votre pr\u00e9sence \u00e0 EnerGa\u00efa<\/h2>\t\t\t\t<\/div>\n\t\t\t\t<\/div>\n\t\t\t\t<div class=\"elementor-element elementor-element-64455c4 elementor-widget elementor-widget-text-editor\" data-id=\"64455c4\" data-element_type=\"widget\" data-e-type=\"widget\" data-widget_type=\"text-editor.default\">\n\t\t\t\t<div class=\"elementor-widget-container\">\n\t\t\t\t\t\t\t\t\t<p>Si votre entreprise envisage d\u2019exposer au salon EnerGa\u00efa au mois de d\u00e9cembre, il est important de commencer d\u00e8s maintenant la r\u00e9flexion autour de votre espace. En collaborant avec L\u2019AS DECORS, vous b\u00e9n\u00e9ficierez de l\u2019expertise d\u2019un standiste capable de cr\u00e9er des stands \u00e0 fort impact, coh\u00e9rents avec les enjeux actuels du secteur, et pens\u00e9s pour g\u00e9n\u00e9rer des interactions significatives avec les visiteurs.<\/p><p><!-- notionvc: f81115c1-db1f-445e-89c4-750907837b10 --><\/p><p><!-- notionvc: c8ea06fe-9da9-4425-9d4f-dbb3aee7d628 --><\/p>\t\t\t\t\t\t\t\t<\/div>\n\t\t\t\t<\/div>\n\t\t<div class=\"elementor-element elementor-element-bf46413 e-con-full e-flex wpr-particle-no wpr-jarallax-no wpr-parallax-no wpr-sticky-section-no wpr-column-slider-no wpr-equal-height-no e-con e-child\" data-id=\"bf46413\" data-element_type=\"container\" data-e-type=\"container\">\n\t\t\t\t<div class=\"elementor-element elementor-element-10a3e33 elementor-widget elementor-widget-heading\" data-id=\"10a3e33\" data-element_type=\"widget\" data-e-type=\"widget\" data-widget_type=\"heading.default\">\n\t\t\t\t<div class=\"elementor-widget-container\">\n\t\t\t\t\t<h2 class=\"elementor-heading-title elementor-size-default\">D\u00e9couvrez notre savoir faire :<\/h2>\t\t\t\t<\/div>\n\t\t\t\t<\/div>\n\t\t\t\t<div class=\"elementor-element elementor-element-f184963 elementor-widget elementor-widget-button\" data-id=\"f184963\" data-element_type=\"widget\" data-e-type=\"widget\" data-widget_type=\"button.default\">\n\t\t\t\t<div class=\"elementor-widget-container\">\n\t\t\t\t\t\t\t\t\t<div class=\"elementor-button-wrapper\">\n\t\t\t\t\t<a class=\"elementor-button elementor-button-link elementor-size-sm elementor-animation-shrink\" href=\"https:\/\/lasdecors.fr\/en\/stands-premium-eco-modulable-nomades\/\">\n\t\t\t\t\t\t<span class=\"elementor-button-content-wrapper\">\n\t\t\t\t\t\t<span class=\"elementor-button-icon\">\n\t\t\t\t<i aria-hidden=\"true\" class=\"far fa-hand-point-right\"><\/i>\t\t\t<\/span>\n\t\t\t\t\t\t\t\t\t<span class=\"elementor-button-text\">OUR EXHIBITION STANDS<\/span>\n\t\t\t\t\t<\/span>\n\t\t\t\t\t<\/a>\n\t\t\t\t<\/div>\n\t\t\t\t\t\t\t\t<\/div>\n\t\t\t\t<\/div>\n\t\t\t\t<\/div>\n\t\t\t\t\t<\/div>\n\t\t\t\t<\/div>\n\t\t<div class=\"elementor-element elementor-element-a49d61a e-flex e-con-boxed wpr-particle-no wpr-jarallax-no wpr-parallax-no wpr-sticky-section-no wpr-column-slider-no wpr-equal-height-no e-con e-parent\" data-id=\"a49d61a\" data-element_type=\"container\" data-e-type=\"container\">\n\t\t\t\t\t<div class=\"e-con-inner\">\n\t\t\t\t<div class=\"elementor-element elementor-element-6d21f4b elementor-widget elementor-widget-google_maps\" data-id=\"6d21f4b\" data-element_type=\"widget\" data-e-type=\"widget\" data-widget_type=\"google_maps.default\">\n\t\t\t\t<div class=\"elementor-widget-container\">\n\t\t\t\t\t\t\t<div class=\"elementor-custom-embed\">\n\t\t\t<iframe loading=\"lazy\"\n\t\t\t\t\tsrc=\"https:\/\/maps.google.com\/maps?q=Parc%20des%20exposition%20montpellier&#038;t=m&#038;z=10&#038;output=embed&#038;iwloc=near\"\n\t\t\t\t\ttitle=\"Parc des exposition montpellier\"\n\t\t\t\t\taria-label=\"Parc des exposition montpellier\"\n\t\t\t><\/iframe>\n\t\t<\/div>\n\t\t\t\t\t\t<\/div>\n\t\t\t\t<\/div>\n\t\t\t\t\t<\/div>\n\t\t\t\t<\/div>\n\t\t\t\t<\/div>","protected":false},"excerpt":{"rendered":"<p>Le salon EnerGa\u00efa est le rendez-vous incontournable des \u00e9nergies renouvelables. Retrouvez comment nous pouvons vous aider en tant que standiste pour EnerGa\u00efa !<br \/>\nDu 9 au 10 d\u00e9cembre 2026 au Parc des Expositions de Montpellier en France.<\/p>","protected":false},"author":5,"featured_media":6982,"comment_status":"closed","ping_status":"closed","sticky":false,"template":"","format":"standard","meta":{"_acf_changed":false,"footnotes":""},"categories":[23,28],"tags":[],"post_folder":[49],"class_list":["post-6980","post","type-post","status-publish","format-standard","has-post-thumbnail","hentry","category-salon","category-salons-decembre"],"acf":[],"_links":{"self":[{"href":"https:\/\/lasdecors.fr\/en\/wp-json\/wp\/v2\/posts\/6980","targetHints":{"allow":["GET"]}}],"collection":[{"href":"https:\/\/lasdecors.fr\/en\/wp-json\/wp\/v2\/posts"}],"about":[{"href":"https:\/\/lasdecors.fr\/en\/wp-json\/wp\/v2\/types\/post"}],"author":[{"embeddable":true,"href":"https:\/\/lasdecors.fr\/en\/wp-json\/wp\/v2\/users\/5"}],"replies":[{"embeddable":true,"href":"https:\/\/lasdecors.fr\/en\/wp-json\/wp\/v2\/comments?post=6980"}],"version-history":[{"count":45,"href":"https:\/\/lasdecors.fr\/en\/wp-json\/wp\/v2\/posts\/6980\/revisions"}],"predecessor-version":[{"id":7603,"href":"https:\/\/lasdecors.fr\/en\/wp-json\/wp\/v2\/posts\/6980\/revisions\/7603"}],"wp:featuredmedia":[{"embeddable":true,"href":"https:\/\/lasdecors.fr\/en\/wp-json\/wp\/v2\/media\/6982"}],"wp:attachment":[{"href":"https:\/\/lasdecors.fr\/en\/wp-json\/wp\/v2\/media?parent=6980"}],"wp:term":[{"taxonomy":"category","embeddable":true,"href":"https:\/\/lasdecors.fr\/en\/wp-json\/wp\/v2\/categories?post=6980"},{"taxonomy":"post_tag","embeddable":true,"href":"https:\/\/lasdecors.fr\/en\/wp-json\/wp\/v2\/tags?post=6980"},{"taxonomy":"post_folder","embeddable":true,"href":"https:\/\/lasdecors.fr\/en\/wp-json\/wp\/v2\/post_folder?post=6980"}],"curies":[{"name":"wp","href":"https:\/\/api.w.org\/{rel}","templated":true}]}}