{"id":7461,"date":"2026-04-01T08:41:50","date_gmt":"2026-04-01T08:41:50","guid":{"rendered":"https:\/\/lasdecors.fr\/?p=7461"},"modified":"2026-08-21T08:41:24","modified_gmt":"2026-08-21T08:41:24","slug":"standiste-pour-heavent-meetings","status":"publish","type":"post","link":"https:\/\/lasdecors.fr\/en\/standiste-pour-heavent-meetings\/","title":{"rendered":"Heavent Meetings 2027"},"content":{"rendered":"<div data-elementor-type=\"wp-post\" data-elementor-id=\"7461\" class=\"elementor elementor-7461\" data-elementor-post-type=\"post\">\n\t\t\t\t<div class=\"elementor-element elementor-element-8273155 e-flex e-con-boxed wpr-particle-no wpr-jarallax-no wpr-parallax-no wpr-sticky-section-no wpr-column-slider-no wpr-equal-height-no e-con e-parent\" data-id=\"8273155\" data-element_type=\"container\" data-e-type=\"container\">\n\t\t\t\t\t<div class=\"e-con-inner\">\n\t\t\t\t<div class=\"elementor-element elementor-element-c31dce8 elementor-widget elementor-widget-heading\" data-id=\"c31dce8\" data-element_type=\"widget\" data-e-type=\"widget\" data-widget_type=\"heading.default\">\n\t\t\t\t<div class=\"elementor-widget-container\">\n\t\t\t\t\t<h2 class=\"elementor-heading-title elementor-size-default\">Qu\u2019est-ce que le salon Heavent Meetings ?<\/h2>\t\t\t\t<\/div>\n\t\t\t\t<\/div>\n\t\t\t\t<div class=\"elementor-element elementor-element-176f35d elementor-widget elementor-widget-text-editor\" data-id=\"176f35d\" data-element_type=\"widget\" data-e-type=\"widget\" data-widget_type=\"text-editor.default\">\n\t\t\t\t<div class=\"elementor-widget-container\">\n\t\t\t\t\t\t\t\t\t<p data-path-to-node=\"4\">Le salon <a href=\"https:\/\/www.heavent-one-to-one-meetings.fr\/\" target=\"_blank\" rel=\"noopener\"><b data-path-to-node=\"4\" data-index-in-node=\"9\">Heavent Meetings<\/b><\/a> est le rendez-vous business incontournable pour les acteurs de l\u2019\u00e9v\u00e9nementiel, du tourisme d\u2019affaires et de l\u2019h\u00f4tellerie. Organis\u00e9 chaque ann\u00e9e au prestigieux <b data-path-to-node=\"4\" data-index-in-node=\"185\">Palais des Festivals et des Congr\u00e8s de Cannes<\/b>, cet \u00e9v\u00e9nement se distingue par son format unique de \u00ab\u00a0Business Meetings\u00a0\u00bb : des rendez-vous d&rsquo;affaires pr\u00e9-organis\u00e9s et ultra-qualifi\u00e9s.<\/p><p data-path-to-node=\"5\">Pendant deux jours, Heavent Meetings rassemble des \u00ab\u00a0Top D\u00e9cideurs\u00a0\u00bb (agences, directeurs de communication, responsables \u00e9v\u00e9nementiels) et des exposants venus pr\u00e9senter leurs solutions : lieux d&rsquo;exception, prestataires techniques, services \u00e9v\u00e9nementiels et innovations technologiques. Avec une ambiance propice au networking, c\u2019est l\u2019\u00e9picentre o\u00f9 se dessinent les tendances de l&rsquo;\u00e9v\u00e9nementiel de demain.<\/p>\t\t\t\t\t\t\t\t<\/div>\n\t\t\t\t<\/div>\n\t\t\t\t\t<\/div>\n\t\t\t\t<\/div>\n\t\t<div class=\"elementor-element elementor-element-c7393d6 e-con-full e-flex wpr-particle-no wpr-jarallax-no wpr-parallax-no wpr-sticky-section-no wpr-column-slider-no wpr-equal-height-no e-con e-parent\" data-id=\"c7393d6\" data-element_type=\"container\" data-e-type=\"container\">\n\t\t\t\t<div class=\"elementor-element elementor-element-75ecf55 elementor-widget elementor-widget-heading\" data-id=\"75ecf55\" data-element_type=\"widget\" data-e-type=\"widget\" data-widget_type=\"heading.default\">\n\t\t\t\t<div class=\"elementor-widget-container\">\n\t\t\t\t\t<h2 class=\"elementor-heading-title elementor-size-default\">Pourquoi exposer sur le salon Heavent <br>Meetings ?<\/h2>\t\t\t\t<\/div>\n\t\t\t\t<\/div>\n\t\t\t\t<div class=\"elementor-element elementor-element-ef46762 elementor-widget elementor-widget-text-editor\" data-id=\"ef46762\" data-element_type=\"widget\" data-e-type=\"widget\" data-widget_type=\"text-editor.default\">\n\t\t\t\t<div class=\"elementor-widget-container\">\n\t\t\t\t\t\t\t\t\t<p data-path-to-node=\"8\">Exposer \u00e0 Heavent Meetings, c\u2019est l&rsquo;opportunit\u00e9 de s&rsquo;adresser directement \u00e0 une audience de d\u00e9cideurs porteurs de projets concrets. Dans un cadre aussi comp\u00e9titif que la Croisette, la visibilit\u00e9 de votre marque est primordiale pour transformer une rencontre en partenariat durable. Ce salon est le lieu strat\u00e9gique pour :<\/p><ul data-path-to-node=\"9\"><li><p data-path-to-node=\"9,0,0\"><b data-path-to-node=\"9,0,0\" data-index-in-node=\"0\">Affirmer votre positionnement<\/b> sur le march\u00e9 du MICE et de l\u2019\u00e9v\u00e9nementiel.<\/p><\/li><li><p data-path-to-node=\"9,1,0\"><b data-path-to-node=\"9,1,0\" data-index-in-node=\"0\">Rencontrer des acheteurs qualifi\u00e9s<\/b> via un agenda de rendez-vous personnalis\u00e9s.<\/p><\/li><li><p data-path-to-node=\"9,2,0\"><b data-path-to-node=\"9,2,0\" data-index-in-node=\"0\">Marquer les esprits<\/b> avec une pr\u00e9sentation physique qui refl\u00e8te votre savoir-faire.<\/p><\/li><\/ul><p data-path-to-node=\"4\"><span style=\"font-size: 1em;\">Pour maximiser l\u2019impact de votre pr\u00e9sence, il est essentiel de confier la conception de votre espace \u00e0 un <\/span><b style=\"font-size: 1em;\" data-path-to-node=\"10\" data-index-in-node=\"106\">standiste pour Heavent Meetings<\/b><span style=\"font-size: 1em;\"> capable de cr\u00e9er un univers immersif. Un stand bien pens\u00e9 ne se contente pas d&rsquo;occuper l&rsquo;espace ; il devient un outil de s\u00e9duction et un levier d&rsquo;optimisation pour votre retour sur investissement<\/span><span style=\"font-size: 1em;\">.<\/span><\/p>\t\t\t\t\t\t\t\t<\/div>\n\t\t\t\t<\/div>\n\t\t\t\t<\/div>\n\t\t<div class=\"elementor-element elementor-element-4fa7f1e e-flex e-con-boxed wpr-particle-no wpr-jarallax-no wpr-parallax-no wpr-sticky-section-no wpr-column-slider-no wpr-equal-height-no e-con e-parent\" data-id=\"4fa7f1e\" data-element_type=\"container\" data-e-type=\"container\">\n\t\t\t\t\t<div class=\"e-con-inner\">\n\t\t\t\t<div class=\"elementor-element elementor-element-58221ab elementor-widget elementor-widget-heading\" data-id=\"58221ab\" data-element_type=\"widget\" data-e-type=\"widget\" data-widget_type=\"heading.default\">\n\t\t\t\t<div class=\"elementor-widget-container\">\n\t\t\t\t\t<h2 class=\"elementor-heading-title elementor-size-default\">L'aS D\u00e9cors, votre standiste pour HEavent MeetinGs<\/h2>\t\t\t\t<\/div>\n\t\t\t\t<\/div>\n\t\t\t\t<div class=\"elementor-element elementor-element-d0fef98 elementor-widget elementor-widget-text-editor\" data-id=\"d0fef98\" data-element_type=\"widget\" data-e-type=\"widget\" data-widget_type=\"text-editor.default\">\n\t\t\t\t<div class=\"elementor-widget-container\">\n\t\t\t\t\t\t\t\t\t<p data-path-to-node=\"13\">Chez <b data-path-to-node=\"13\" data-index-in-node=\"5\">L\u2019AS DECORS<\/b>, nous comprenons que chaque m\u00b2 au Palais des Festivals de Cannes doit servir votre strat\u00e9gie commerciale. En tant qu\u2019<b data-path-to-node=\"13\" data-index-in-node=\"134\">agence de standiste pour Heavent Meetings<\/b> exp\u00e9riment\u00e9e, nous vous accompagnons de A \u00e0 Z pour faire de votre exposition un succ\u00e8s m\u00e9morable :<\/p><ul data-path-to-node=\"14\"><li><p data-path-to-node=\"14,0,0\"><b data-path-to-node=\"14,0,0\" data-index-in-node=\"0\">Conception cr\u00e9ative et design sur mesure :<\/b> Un stand qui capte l\u2019attention d\u00e8s le premier regard.<\/p><\/li><li><p data-path-to-node=\"14,1,0\"><b data-path-to-node=\"14,1,0\" data-index-in-node=\"0\">Mod\u00e9lisation 3D r\u00e9aliste :<\/b> Visualisez votre futur espace d&rsquo;exposition avant m\u00eame sa production.<\/p><\/li><li><p data-path-to-node=\"14,2,0\"><b data-path-to-node=\"14,2,0\" data-index-in-node=\"0\">Fabrication fran\u00e7aise :<\/b> Une r\u00e9alisation soign\u00e9e dans nos ateliers pour une finition irr\u00e9prochable.<\/p><\/li><li><p data-path-to-node=\"14,3,0\"><b data-path-to-node=\"14,3,0\" data-index-in-node=\"0\">Logistique et montage \u00e0 Cannes :<\/b> Nous g\u00e9rons l&rsquo;installation, la coordination et le d\u00e9montage sur site.<\/p><\/li><\/ul><p data-path-to-node=\"8\"><span style=\"font-size: 1em;\">Nos structures sont pens\u00e9es pour \u00eatre \u00e0 la fois esth\u00e9tiques, fonctionnelles et \u00e9co-responsables. Que vous optiez pour un <\/span><b style=\"font-size: 1em;\" data-path-to-node=\"15\" data-index-in-node=\"121\">stand traditionnel<\/b><span style=\"font-size: 1em;\">, un espace modulable ou une solution immersive, nous adaptons nos cr\u00e9ations \u00e0 vos besoins sp\u00e9cifiques et aux contraintes techniques du salon. Faites confiance \u00e0 un <\/span><b style=\"font-size: 1em;\" data-path-to-node=\"15\" data-index-in-node=\"304\">standiste pour Heavent Meetings<\/b><span style=\"font-size: 1em;\"> qui ma\u00eetrise les codes de l&rsquo;\u00e9l\u00e9gance et de l&rsquo;efficacit\u00e9 \u00e9v\u00e9nementielle.<\/span><\/p>\t\t\t\t\t\t\t\t<\/div>\n\t\t\t\t<\/div>\n\t\t\t\t\t<\/div>\n\t\t\t\t<\/div>\n\t\t<div class=\"elementor-element elementor-element-f60b194 e-flex e-con-boxed wpr-particle-no wpr-jarallax-no wpr-parallax-no wpr-sticky-section-no wpr-column-slider-no wpr-equal-height-no e-con e-parent\" data-id=\"f60b194\" data-element_type=\"container\" data-e-type=\"container\">\n\t\t\t\t\t<div class=\"e-con-inner\">\n\t\t\t\t<div class=\"elementor-element elementor-element-0130a74 elementor-widget elementor-widget-heading\" data-id=\"0130a74\" data-element_type=\"widget\" data-e-type=\"widget\" data-widget_type=\"heading.default\">\n\t\t\t\t<div class=\"elementor-widget-container\">\n\t\t\t\t\t<h2 class=\"elementor-heading-title elementor-size-default\">Ce que nous avons d\u00e9j\u00e0 r\u00e9alis\u00e9 sur heavent Meetings<\/h2>\t\t\t\t<\/div>\n\t\t\t\t<\/div>\n\t\t\t\t<div class=\"elementor-element elementor-element-b2c47ff elementor-widget elementor-widget-gallery\" data-id=\"b2c47ff\" data-element_type=\"widget\" data-e-type=\"widget\" data-settings=\"{&quot;columns&quot;:3,&quot;aspect_ratio&quot;:&quot;4:3&quot;,&quot;gallery_layout&quot;:&quot;grid&quot;,&quot;columns_tablet&quot;:2,&quot;columns_mobile&quot;:1,&quot;gap&quot;:{&quot;unit&quot;:&quot;px&quot;,&quot;size&quot;:10,&quot;sizes&quot;:[]},&quot;gap_tablet&quot;:{&quot;unit&quot;:&quot;px&quot;,&quot;size&quot;:10,&quot;sizes&quot;:[]},&quot;gap_mobile&quot;:{&quot;unit&quot;:&quot;px&quot;,&quot;size&quot;:10,&quot;sizes&quot;:[]},&quot;link_to&quot;:&quot;file&quot;,&quot;content_hover_animation&quot;:&quot;fade-in&quot;}\" data-widget_type=\"gallery.default\">\n\t\t\t\t<div class=\"elementor-widget-container\">\n\t\t\t\t\t\t\t<div class=\"elementor-gallery__container\">\n\t\t\t\t\t\t\t<a class=\"e-gallery-item elementor-gallery-item elementor-animated-content\" href=\"https:\/\/lasdecors.fr\/wp-content\/uploads\/2026\/04\/HEAVENT_MEETINGS_2.png\" data-elementor-open-lightbox=\"yes\" data-elementor-lightbox-slideshow=\"b2c47ff\" data-elementor-lightbox-title=\"HEAVENT_MEETINGS_2\" data-e-action-hash=\"#elementor-action%3Aaction%3Dlightbox%26settings%3DeyJpZCI6NzQ2OCwidXJsIjoiaHR0cHM6XC9cL2xhc2RlY29ycy5mclwvd3AtY29udGVudFwvdXBsb2Fkc1wvMjAyNlwvMDRcL0hFQVZFTlRfTUVFVElOR1NfMi5wbmciLCJzbGlkZXNob3ciOiJiMmM0N2ZmIn0%3D\">\n\t\t\t\t\t<div class=\"e-gallery-image elementor-gallery-item__image\" data-thumbnail=\"https:\/\/lasdecors.fr\/wp-content\/uploads\/2026\/04\/HEAVENT_MEETINGS_2-768x576.png\" data-width=\"768\" data-height=\"576\" aria-label=\"\" role=\"img\" ><\/div>\n\t\t\t\t\t\t\t\t\t\t\t\t\t\t<\/a>\n\t\t\t\t\t\t\t<a class=\"e-gallery-item elementor-gallery-item elementor-animated-content\" href=\"https:\/\/lasdecors.fr\/wp-content\/uploads\/2026\/04\/LASDECORS_HEAVENTMEETING.jpg\" data-elementor-open-lightbox=\"yes\" data-elementor-lightbox-slideshow=\"b2c47ff\" data-elementor-lightbox-title=\"L&#039;ASDECORS_HEAVENTMEETING\" data-e-action-hash=\"#elementor-action%3Aaction%3Dlightbox%26settings%3DeyJpZCI6NzQ2OSwidXJsIjoiaHR0cHM6XC9cL2xhc2RlY29ycy5mclwvd3AtY29udGVudFwvdXBsb2Fkc1wvMjAyNlwvMDRcL0xBU0RFQ09SU19IRUFWRU5UTUVFVElORy5qcGciLCJzbGlkZXNob3ciOiJiMmM0N2ZmIn0%3D\">\n\t\t\t\t\t<div class=\"e-gallery-image elementor-gallery-item__image\" data-thumbnail=\"https:\/\/lasdecors.fr\/wp-content\/uploads\/2026\/04\/LASDECORS_HEAVENTMEETING-768x576.jpg\" data-width=\"768\" data-height=\"576\" aria-label=\"\" role=\"img\" ><\/div>\n\t\t\t\t\t\t\t\t\t\t\t\t\t\t<\/a>\n\t\t\t\t\t\t\t<a class=\"e-gallery-item elementor-gallery-item elementor-animated-content\" href=\"https:\/\/lasdecors.fr\/wp-content\/uploads\/2026\/07\/SNCF-Heavent-Meetings_2.png\" data-elementor-open-lightbox=\"yes\" data-elementor-lightbox-slideshow=\"b2c47ff\" data-elementor-lightbox-title=\"SNCF - Heavent Meetings_2\" data-e-action-hash=\"#elementor-action%3Aaction%3Dlightbox%26settings%3DeyJpZCI6NzgyMiwidXJsIjoiaHR0cHM6XC9cL2xhc2RlY29ycy5mclwvd3AtY29udGVudFwvdXBsb2Fkc1wvMjAyNlwvMDdcL1NOQ0YtSGVhdmVudC1NZWV0aW5nc18yLnBuZyIsInNsaWRlc2hvdyI6ImIyYzQ3ZmYifQ%3D%3D\">\n\t\t\t\t\t<div class=\"e-gallery-image elementor-gallery-item__image\" data-thumbnail=\"https:\/\/lasdecors.fr\/wp-content\/uploads\/2026\/07\/SNCF-Heavent-Meetings_2-768x396.png\" data-width=\"768\" data-height=\"396\" aria-label=\"\" role=\"img\" ><\/div>\n\t\t\t\t\t\t\t\t\t\t\t\t\t\t<\/a>\n\t\t\t\t\t<\/div>\n\t\t\t\t\t<\/div>\n\t\t\t\t<\/div>\n\t\t\t\t\t<\/div>\n\t\t\t\t<\/div>\n\t\t<div class=\"elementor-element elementor-element-e57b88f e-flex e-con-boxed wpr-particle-no wpr-jarallax-no wpr-parallax-no wpr-sticky-section-no wpr-column-slider-no wpr-equal-height-no e-con e-parent\" data-id=\"e57b88f\" data-element_type=\"container\" data-e-type=\"container\">\n\t\t\t\t\t<div class=\"e-con-inner\">\n\t\t\t\t<div class=\"elementor-element elementor-element-88ef054 elementor-widget elementor-widget-heading\" data-id=\"88ef054\" data-element_type=\"widget\" data-e-type=\"widget\" data-widget_type=\"heading.default\">\n\t\t\t\t<div class=\"elementor-widget-container\">\n\t\t\t\t\t<h2 class=\"elementor-heading-title elementor-size-default\">Pr\u00e9parez votre pr\u00e9sence sur heavent Meetings avec L\u2019As D\u00e9cors<\/h2>\t\t\t\t<\/div>\n\t\t\t\t<\/div>\n\t\t\t\t<div class=\"elementor-element elementor-element-30a84f0 elementor-widget elementor-widget-text-editor\" data-id=\"30a84f0\" data-element_type=\"widget\" data-e-type=\"widget\" data-widget_type=\"text-editor.default\">\n\t\t\t\t<div class=\"elementor-widget-container\">\n\t\t\t\t\t\t\t\t\t<p>Votre participation \u00e0\u00a0<strong data-start=\"3029\" data-end=\"3042\">Heavent Meetings<\/strong>\u00a0m\u00e9rite un <strong data-start=\"3053\" data-end=\"3073\">stand sur mesure<\/strong>, pens\u00e9 pour s\u00e9duire, convaincre et performer dans un univers hautement concurrentiel. Confiez votre projet \u00e0 une <strong data-start=\"3187\" data-end=\"3206\">agence de stand<\/strong> exp\u00e9riment\u00e9e, qui ma\u00eetrise les exigences sp\u00e9cifiques de ce salon international.<\/p>\t\t\t\t\t\t\t\t<\/div>\n\t\t\t\t<\/div>\n\t\t\t\t<div class=\"elementor-element elementor-element-171d9ff elementor-widget elementor-widget-text-editor\" data-id=\"171d9ff\" data-element_type=\"widget\" data-e-type=\"widget\" data-widget_type=\"text-editor.default\">\n\t\t\t\t<div class=\"elementor-widget-container\">\n\t\t\t\t\t\t\t\t\t<p>\ud83d\udc49 D\u00e9couvrez nos r\u00e9alisations : <a class=\"\" href=\"https:\/\/lasdecors.fr\/en\/stands-premium-eco-modulable-nomades\/\" target=\"_new\" rel=\"noopener\" data-start=\"3408\" data-end=\"3528\">https:\/\/lasdecors.fr\/stands-premium-eco-modulable-nomades\/<\/a><\/p>\t\t\t\t\t\t\t\t<\/div>\n\t\t\t\t<\/div>\n\t\t\t\t<div class=\"elementor-element elementor-element-88a54ca elementor-widget elementor-widget-button\" data-id=\"88a54ca\" data-element_type=\"widget\" data-e-type=\"widget\" data-widget_type=\"button.default\">\n\t\t\t\t<div class=\"elementor-widget-container\">\n\t\t\t\t\t\t\t\t\t<div class=\"elementor-button-wrapper\">\n\t\t\t\t\t<a class=\"elementor-button elementor-button-link elementor-size-sm\" href=\"\">\n\t\t\t\t\t\t<span class=\"elementor-button-content-wrapper\">\n\t\t\t\t\t\t\t\t\t<span class=\"elementor-button-text\">Contact us<\/span>\n\t\t\t\t\t<\/span>\n\t\t\t\t\t<\/a>\n\t\t\t\t<\/div>\n\t\t\t\t\t\t\t\t<\/div>\n\t\t\t\t<\/div>\n\t\t\t\t\t<\/div>\n\t\t\t\t<\/div>\n\t\t<div class=\"elementor-element elementor-element-cd15c94 e-flex e-con-boxed wpr-particle-no wpr-jarallax-no wpr-parallax-no wpr-sticky-section-no wpr-column-slider-no wpr-equal-height-no e-con e-parent\" data-id=\"cd15c94\" data-element_type=\"container\" data-e-type=\"container\">\n\t\t\t\t\t<div class=\"e-con-inner\">\n\t\t\t\t<div class=\"elementor-element elementor-element-a47625a elementor-widget elementor-widget-google_maps\" data-id=\"a47625a\" data-element_type=\"widget\" data-e-type=\"widget\" data-widget_type=\"google_maps.default\">\n\t\t\t\t<div class=\"elementor-widget-container\">\n\t\t\t\t\t\t\t<div class=\"elementor-custom-embed\">\n\t\t\t<iframe loading=\"lazy\"\n\t\t\t\t\tsrc=\"https:\/\/maps.google.com\/maps?q=Palais%20des%20festivals%20et%20des%20congr%C3%A8s%20de%20Cannes%2C%201%20Bd%20de%20la%20Croisette%2C%2006400%20Cannes&#038;t=m&#038;z=10&#038;output=embed&#038;iwloc=near\"\n\t\t\t\t\ttitle=\"Palais des festivals et des congr\u00e8s de Cannes, 1 Bd de la Croisette, 06400 Cannes\"\n\t\t\t\t\taria-label=\"Palais des festivals et des congr\u00e8s de Cannes, 1 Bd de la Croisette, 06400 Cannes\"\n\t\t\t><\/iframe>\n\t\t<\/div>\n\t\t\t\t\t\t<\/div>\n\t\t\t\t<\/div>\n\t\t\t\t\t<\/div>\n\t\t\t\t<\/div>\n\t\t\t\t<\/div>","protected":false},"excerpt":{"rendered":"<p>Le salon Heavent Meetings, c\u2019est le rendez-vous incontournable des professionnels de l\u2019\u00e9v\u00e9nementiel et du tourisme d\u2019affaires. Rendez-vous en mars 2027 au Palais des Festivals de Cannes.<br \/>\nRetrouvez comment nous pouvons vous aider en tant que Standiste pour Heavent Meetings !<\/p>","protected":false},"author":5,"featured_media":7469,"comment_status":"closed","ping_status":"closed","sticky":false,"template":"","format":"standard","meta":{"_acf_changed":false,"footnotes":""},"categories":[23,31],"tags":[],"post_folder":[49],"class_list":["post-7461","post","type-post","status-publish","format-standard","has-post-thumbnail","hentry","category-salon","category-salons-mars"],"acf":[],"_links":{"self":[{"href":"https:\/\/lasdecors.fr\/en\/wp-json\/wp\/v2\/posts\/7461","targetHints":{"allow":["GET"]}}],"collection":[{"href":"https:\/\/lasdecors.fr\/en\/wp-json\/wp\/v2\/posts"}],"about":[{"href":"https:\/\/lasdecors.fr\/en\/wp-json\/wp\/v2\/types\/post"}],"author":[{"embeddable":true,"href":"https:\/\/lasdecors.fr\/en\/wp-json\/wp\/v2\/users\/5"}],"replies":[{"embeddable":true,"href":"https:\/\/lasdecors.fr\/en\/wp-json\/wp\/v2\/comments?post=7461"}],"version-history":[{"count":42,"href":"https:\/\/lasdecors.fr\/en\/wp-json\/wp\/v2\/posts\/7461\/revisions"}],"predecessor-version":[{"id":7855,"href":"https:\/\/lasdecors.fr\/en\/wp-json\/wp\/v2\/posts\/7461\/revisions\/7855"}],"wp:featuredmedia":[{"embeddable":true,"href":"https:\/\/lasdecors.fr\/en\/wp-json\/wp\/v2\/media\/7469"}],"wp:attachment":[{"href":"https:\/\/lasdecors.fr\/en\/wp-json\/wp\/v2\/media?parent=7461"}],"wp:term":[{"taxonomy":"category","embeddable":true,"href":"https:\/\/lasdecors.fr\/en\/wp-json\/wp\/v2\/categories?post=7461"},{"taxonomy":"post_tag","embeddable":true,"href":"https:\/\/lasdecors.fr\/en\/wp-json\/wp\/v2\/tags?post=7461"},{"taxonomy":"post_folder","embeddable":true,"href":"https:\/\/lasdecors.fr\/en\/wp-json\/wp\/v2\/post_folder?post=7461"}],"curies":[{"name":"wp","href":"https:\/\/api.w.org\/{rel}","templated":true}]}}