{"id":7791,"date":"2026-07-16T09:58:49","date_gmt":"2026-07-16T09:58:49","guid":{"rendered":"https:\/\/lasdecors.fr\/?p=7791"},"modified":"2026-08-21T07:22:21","modified_gmt":"2026-08-21T07:22:21","slug":"standiste-pour-le-salon-de-lagriculture","status":"publish","type":"post","link":"https:\/\/lasdecors.fr\/en\/standiste-pour-le-salon-de-lagriculture\/","title":{"rendered":"Le Salon de L\u2019Agriculture 2027"},"content":{"rendered":"<div data-elementor-type=\"wp-post\" data-elementor-id=\"7791\" class=\"elementor elementor-7791\" data-elementor-post-type=\"post\">\n\t\t\t\t<div class=\"elementor-element elementor-element-7528cf1 e-con e-atomic-element e-flexbox-base e-31d1e76\" data-id=\"7528cf1\" data-element_type=\"e-flexbox\" data-e-type=\"e-flexbox\" data-interaction-id=\"7528cf1\">\n    \t\t\t<h2 data-interaction-id=\"2f29465\" class=\"e-2f29465-6418c37 e-heading-base\">L'As D\u00e9cors : Votre standiste pour le Salon de l'Agriculture<\/h2>\n\t\t\t\t\t<p class=\"e-paragraph-base\" data-interaction-id=\"8ca790a\">Vous cherchez un standiste pour<strong id=\"e-mrn9f523-ba5osdm\"> <\/strong><a target=\"_self\" href=\"https:\/\/www.salon-agriculture.com\/\" id=\"e-mrn9f523-8eln1x4\" rel=\"noopener\"><strong id=\"e-mrn9f523-fuhe4am\"><u id=\"e-mrn9f523-mc4ruag\">le Salon de l'Agriculture<\/u><\/strong><\/a> capable de concevoir un espace chaleureux, marquant et fonctionnel ? L'As D\u00e9cors imagine et r\u00e9alise votre stand sur mesure pour valoriser vos produits, vos terroirs ou vos innovations technologiques au c\u0153ur de la plus grande ferme de France \u00e0 Paris Expo Porte de Versailles.<\/p>\n\t\t\n<\/div>\n<div class=\"elementor-element elementor-element-382334e e-con e-atomic-element e-flexbox-base e-382334e-d1c56f1\" data-id=\"382334e\" data-element_type=\"e-flexbox\" data-e-type=\"e-flexbox\" data-interaction-id=\"382334e\">\n    \t\t\t<h2 data-interaction-id=\"ad4b1e4\" class=\"e-ad4b1e4-0347774 e-heading-base\">Qu\u2019est-ce que le Salon de l'Agriculture ?<\/h2>\n\t\t\t\t\t<p class=\"e-paragraph-base\" data-interaction-id=\"e53fe09\">Le Salon International de l'Agriculture (SIA) est l'un des \u00e9v\u00e9nements populaires et professionnels les plus importants d'Europe. Chaque ann\u00e9e \u00e0 Paris, il rassemble des centaines de milliers de visiteurs \u2013 familles, passionn\u00e9s, mais aussi professionnels des fili\u00e8res agroalimentaires, d\u00e9cideurs politiques et distributeurs. Le salon s'organise autour de quatre univers cl\u00e9s : l'\u00e9levage et ses fili\u00e8res, les produits des r\u00e9gions de France et du monde, les cultures et fili\u00e8res v\u00e9g\u00e9tales, et enfin les services et m\u00e9tiers de l'agriculture.<br>C\u2019est une vitrine m\u00e9diatique et publique absolument colossale pour les exposants. Qu'il s'agisse de coop\u00e9ratives agricoles, de marques agroalimentaires, de r\u00e9gions souhaitant promouvoir leur terroir ou d'entreprises de l'AgriTech, le salon offre une tribune unique. Pour \u00e9merger et capter l'attention de cette foule immense, l'accompagnement par un <strong id=\"e-mrn9iyfj-dq0bxc7\">standiste pour le Salon de l'Agriculture<\/strong> est indispensable. L\u2019As D\u00e9cors con\u00e7oit des espaces de caract\u00e8re qui racontent votre histoire, attirent l\u2019\u0153il des passants et facilitent des \u00e9changes conviviaux.<\/p>\n\t\t\n<\/div>\n<div class=\"elementor-element elementor-element-e5b97ef e-con e-atomic-element e-flexbox-base e-e5b97ef-869330e\" data-id=\"e5b97ef\" data-element_type=\"e-flexbox\" data-e-type=\"e-flexbox\" data-interaction-id=\"e5b97ef\">\n    \t\t\t<h2 data-interaction-id=\"d4cd429\" class=\"e-d4cd429-666d3a1 e-heading-base\">Pourquoi exposer au Salon de l'Agriculture ?<\/h2>\n\t\t\t\t<div class=\"elementor-element elementor-element-e1a10aa elementor-widget elementor-widget-text-editor\" data-id=\"e1a10aa\" data-element_type=\"widget\" data-e-type=\"widget\" data-widget_type=\"text-editor.default\">\n\t\t\t\t<div class=\"elementor-widget-container\">\n\t\t\t\t\t\t\t\t\t<p data-path-to-node=\"12\">Participer au Salon de l&rsquo;Agriculture, c\u2019est s\u2019offrir une visibilit\u00e9 directe aupr\u00e8s d&rsquo;un public extr\u00eamement vari\u00e9 et r\u00e9ceptif. Que vous souhaitiez vendre vos produits en direct, s\u00e9duire la grande distribution, pr\u00e9senter des innovations technologiques pour les agriculteurs ou valoriser une image de marque \u00e9co-responsable, ce salon est un tremplin strat\u00e9gique exceptionnel.<\/p><p data-path-to-node=\"13\">Exposer au Salon de l&rsquo;Agriculture vous permet de :<\/p><ul data-path-to-node=\"14\"><li><p data-path-to-node=\"14,0,0\"><b data-path-to-node=\"14,0,0\" data-index-in-node=\"0\">G\u00e9n\u00e9rer des ventes directes<\/b> et tester de nouveaux produits aupr\u00e8s d&rsquo;un public de consommateurs passionn\u00e9s et gourmands.<\/p><\/li><li><p data-path-to-node=\"14,1,0\"><b data-path-to-node=\"14,1,0\" data-index-in-node=\"0\">Renforcer votre notori\u00e9t\u00e9<\/b> aupr\u00e8s du grand public tout en b\u00e9n\u00e9ficiant d\u2019une couverture m\u00e9diatique nationale in\u00e9gal\u00e9e (presse, t\u00e9l\u00e9vision, radio).<\/p><\/li><li><p data-path-to-node=\"14,2,0\"><b data-path-to-node=\"14,2,0\" data-index-in-node=\"0\">D\u00e9velopper votre r\u00e9seau B2B<\/b> en rencontrant des acheteurs, des institutionnels, des agriculteurs et des partenaires majeurs du secteur agroalimentaire.<\/p><\/li><li><p data-path-to-node=\"14,3,0\"><b data-path-to-node=\"14,3,0\" data-index-in-node=\"0\">Incarner vos engagements RSE<\/b> et votre ancrage territorial \u00e0 travers une mise en sc\u00e8ne authentique et percutante.<\/p><\/li><\/ul><p data-path-to-node=\"15\">Pour faire face \u00e0 l&rsquo;immensit\u00e9 des halls et \u00e0 la concurrence visuelle, votre espace d&rsquo;exposition doit \u00eatre chaleureux, invitant et parfaitement optimis\u00e9 pour la d\u00e9gustation, la vente ou la d\u00e9monstration technique.<\/p>\t\t\t\t\t\t\t\t<\/div>\n\t\t\t\t<\/div>\n\t\t\n<\/div>\n<div class=\"elementor-element elementor-element-c701adb e-con e-atomic-element e-flexbox-base e-c701adb-485c500\" data-id=\"c701adb\" data-element_type=\"e-flexbox\" data-e-type=\"e-flexbox\" data-interaction-id=\"c701adb\">\n    \t\t\t<h2 data-interaction-id=\"66f247e\" class=\"e-66f247e-decf35a e-heading-base\">L\u2019As D\u00e9cors : L'agence de design de stand qui valorise vos terroirs<\/h2>\n\t\t\t\t<div class=\"elementor-element elementor-element-c4e983a elementor-widget elementor-widget-text-editor\" data-id=\"c4e983a\" data-element_type=\"widget\" data-e-type=\"widget\" data-widget_type=\"text-editor.default\">\n\t\t\t\t<div class=\"elementor-widget-container\">\n\t\t\t\t\t\t\t\t\t<p data-path-to-node=\"18\">Chez L\u2019As D\u00e9cors, nous savons que l&rsquo;agriculture est avant tout une histoire d\u2019hommes, de passion et de partage. En tant qu\u2019agence de design et <b data-path-to-node=\"18\" data-index-in-node=\"143\">standiste pour le Salon de l&rsquo;Agriculture<\/b>, nous traduisons l&rsquo;authenticit\u00e9 de vos produits et le dynamisme de votre marque dans des concepts d&rsquo;espaces uniques et conviviaux.<\/p><p data-path-to-node=\"19\">Nos \u00e9quipes vous proposent un accompagnement de A \u00e0 Z :<\/p><ul data-path-to-node=\"20\"><li><p data-path-to-node=\"20,0,0\"><b data-path-to-node=\"20,0,0\" data-index-in-node=\"0\">Conception et design sur mesure :<\/b> Cr\u00e9ation d\u2019espaces de vente, de zones de d\u00e9gustation, de cuisines \u00e9quip\u00e9es ou d&rsquo;espaces de d\u00e9monstration adapt\u00e9s \u00e0 vos besoins.<\/p><\/li><li><p data-path-to-node=\"20,1,0\"><b data-path-to-node=\"20,1,0\" data-index-in-node=\"0\">Mod\u00e9lisation 3D r\u00e9aliste :<\/b> Visualisation de l&rsquo;agencement, des flux de circulation et de l&rsquo;int\u00e9gration de votre charte graphique avant la mise en production.<\/p><\/li><li><p data-path-to-node=\"20,2,0\"><b data-path-to-node=\"20,2,0\" data-index-in-node=\"0\">Fabrication fran\u00e7aise de qualit\u00e9 :<\/b> Utilisation de mat\u00e9riaux nobles et durables, fa\u00e7onn\u00e9s avec soin dans nos propres ateliers en France.<\/p><\/li><li><p data-path-to-node=\"20,3,0\"><b data-path-to-node=\"20,3,0\" data-index-in-node=\"0\">Logistique et montage \u00e0 Paris Porte de Versailles :<\/b> Prise en charge globale de l&rsquo;installation, des raccordements techniques (eau, \u00e9lectricit\u00e9 pour les stands de restauration) et du d\u00e9montage.<\/p><\/li><\/ul><p data-path-to-node=\"21\">Conscients de l&rsquo;importance des enjeux environnementaux dans le monde agricole, nous concevons des stands \u00e9co-con\u00e7us et r\u00e9utilisables d&rsquo;une ann\u00e9e sur l&rsquo;autre, certifi\u00e9s par notre d\u00e9marche ISO 20121. Que vous ayez besoin d&rsquo;un stand traditionnel en bois chaleureux, d&rsquo;un pavillon r\u00e9gional d&rsquo;envergure ou d&rsquo;un espace moderne ax\u00e9 sur les technologies agricoles, nous adaptons nos cr\u00e9ations \u00e0 votre budget et \u00e0 vos objectifs de communication. Prenez contact avec votre <b data-path-to-node=\"21\" data-index-in-node=\"463\">standiste pour le Salon de l&rsquo;Agriculture<\/b> pour lancer l&rsquo;\u00e9tude de votre futur espace d&rsquo;exposition.<\/p>\t\t\t\t\t\t\t\t<\/div>\n\t\t\t\t<\/div>\n\t\t\n<\/div>\n<div class=\"elementor-element elementor-element-a65bf04 e-con e-atomic-element e-flexbox-base e-b39404f\" data-id=\"a65bf04\" data-element_type=\"e-flexbox\" data-e-type=\"e-flexbox\" data-interaction-id=\"a65bf04\">\n    \t\t<div class=\"elementor-element elementor-element-efc9d53 elementor-widget elementor-widget-heading\" data-id=\"efc9d53\" data-element_type=\"widget\" data-e-type=\"widget\" data-widget_type=\"heading.default\">\n\t\t\t\t<div class=\"elementor-widget-container\">\n\t\t\t\t\t<h2 class=\"elementor-heading-title elementor-size-default\">Ce que nous avons d\u00e9j\u00e0 r\u00e9alis\u00e9 sur la japan expo<\/h2>\t\t\t\t<\/div>\n\t\t\t\t<\/div>\n\t\t\t\t<div class=\"elementor-element elementor-element-2b548b2 gallery-spacing-custom elementor-widget elementor-widget-image-gallery\" data-id=\"2b548b2\" data-element_type=\"widget\" data-e-type=\"widget\" data-widget_type=\"image-gallery.default\">\n\t\t\t\t<div class=\"elementor-widget-container\">\n\t\t\t\t\t\t\t<div class=\"elementor-image-gallery\">\n\t\t\t<div id='gallery-1' class='gallery galleryid-7791 gallery-columns-2 gallery-size-2048x2048'><figure class='gallery-item'>\n\t\t\t<div class='gallery-icon landscape'>\n\t\t\t\t<a data-elementor-open-lightbox=\"yes\" data-elementor-lightbox-slideshow=\"2b548b2\" data-elementor-lightbox-title=\"AQUITAINE SIA\" data-e-action-hash=\"#elementor-action%3Aaction%3Dlightbox%26settings%3DeyJpZCI6NzgwMywidXJsIjoiaHR0cHM6XC9cL2xhc2RlY29ycy5mclwvd3AtY29udGVudFwvdXBsb2Fkc1wvMjAyNlwvMDdcL0FRVUlUQUlORS1TSUEuanBnIiwic2xpZGVzaG93IjoiMmI1NDhiMiJ9\" href=\"https:\/\/lasdecors.fr\/wp-content\/uploads\/2026\/07\/AQUITAINE-SIA.jpg\"><img fetchpriority=\"high\" decoding=\"async\" width=\"2048\" height=\"1253\" src=\"https:\/\/lasdecors.fr\/wp-content\/uploads\/2026\/07\/AQUITAINE-SIA-2048x1253.jpg\" class=\"attachment-2048x2048 size-2048x2048\" alt=\"\" srcset=\"https:\/\/lasdecors.fr\/wp-content\/uploads\/2026\/07\/AQUITAINE-SIA-2048x1253.jpg 2048w, https:\/\/lasdecors.fr\/wp-content\/uploads\/2026\/07\/AQUITAINE-SIA-300x184.jpg 300w, https:\/\/lasdecors.fr\/wp-content\/uploads\/2026\/07\/AQUITAINE-SIA-1024x626.jpg 1024w, https:\/\/lasdecors.fr\/wp-content\/uploads\/2026\/07\/AQUITAINE-SIA-768x470.jpg 768w, https:\/\/lasdecors.fr\/wp-content\/uploads\/2026\/07\/AQUITAINE-SIA-1536x940.jpg 1536w\" sizes=\"(max-width: 2048px) 100vw, 2048px\" title=\"\"><\/a>\n\t\t\t<\/div><\/figure><figure class='gallery-item'>\n\t\t\t<div class='gallery-icon landscape'>\n\t\t\t\t<a data-elementor-open-lightbox=\"yes\" data-elementor-lightbox-slideshow=\"2b548b2\" data-elementor-lightbox-title=\"AQUITAINE SIA_2\" data-e-action-hash=\"#elementor-action%3Aaction%3Dlightbox%26settings%3DeyJpZCI6NzgwNCwidXJsIjoiaHR0cHM6XC9cL2xhc2RlY29ycy5mclwvd3AtY29udGVudFwvdXBsb2Fkc1wvMjAyNlwvMDdcL0FRVUlUQUlORS1TSUFfMi5qcGciLCJzbGlkZXNob3ciOiIyYjU0OGIyIn0%3D\" href=\"https:\/\/lasdecors.fr\/wp-content\/uploads\/2026\/07\/AQUITAINE-SIA_2.jpg\"><img decoding=\"async\" width=\"2048\" height=\"1253\" src=\"https:\/\/lasdecors.fr\/wp-content\/uploads\/2026\/07\/AQUITAINE-SIA_2-2048x1253.jpg\" class=\"attachment-2048x2048 size-2048x2048\" alt=\"\" srcset=\"https:\/\/lasdecors.fr\/wp-content\/uploads\/2026\/07\/AQUITAINE-SIA_2-2048x1253.jpg 2048w, https:\/\/lasdecors.fr\/wp-content\/uploads\/2026\/07\/AQUITAINE-SIA_2-300x184.jpg 300w, https:\/\/lasdecors.fr\/wp-content\/uploads\/2026\/07\/AQUITAINE-SIA_2-1024x626.jpg 1024w, https:\/\/lasdecors.fr\/wp-content\/uploads\/2026\/07\/AQUITAINE-SIA_2-768x470.jpg 768w, https:\/\/lasdecors.fr\/wp-content\/uploads\/2026\/07\/AQUITAINE-SIA_2-1536x940.jpg 1536w\" sizes=\"(max-width: 2048px) 100vw, 2048px\" title=\"\"><\/a>\n\t\t\t<\/div><\/figure>\n\t\t<\/div>\n\t\t<\/div>\n\t\t\t\t\t\t<\/div>\n\t\t\t\t<\/div>\n\t\t\n<\/div>\n<div class=\"elementor-element elementor-element-10eef80 e-con e-atomic-element e-flexbox-base e-f2d4e27\" data-id=\"10eef80\" data-element_type=\"e-flexbox\" data-e-type=\"e-flexbox\" data-interaction-id=\"10eef80\">\n    \t\t<div class=\"elementor-element elementor-element-f0a4f12 elementor-widget elementor-widget-heading\" data-id=\"f0a4f12\" data-element_type=\"widget\" data-e-type=\"widget\" data-widget_type=\"heading.default\">\n\t\t\t\t<div class=\"elementor-widget-container\">\n\t\t\t\t\t<h2 class=\"elementor-heading-title elementor-size-default\">Pr\u00e9parez votre stand sur le salon de l'agriculture avec L\u2019As D\u00e9cors<\/h2>\t\t\t\t<\/div>\n\t\t\t\t<\/div>\n\t\t\t\t<div class=\"elementor-element elementor-element-5e856c3 elementor-widget elementor-widget-text-editor\" data-id=\"5e856c3\" data-element_type=\"widget\" data-e-type=\"widget\" data-widget_type=\"text-editor.default\">\n\t\t\t\t<div class=\"elementor-widget-container\">\n\t\t\t\t\t\t\t\t\t<p>Envie d\u2019un stand qui marque les esprits et vous diff\u00e9rencie sur le Salon de l&rsquo;Agriculture\u00a0? Confiez votre projet \u00e0 une <strong data-start=\"3064\" data-end=\"3083\">agence de stand<\/strong> qui allie cr\u00e9ativit\u00e9, rigueur et passion.<\/p>\t\t\t\t\t\t\t\t<\/div>\n\t\t\t\t<\/div>\n\t\t<div class=\"elementor-element elementor-element-1a8d12c e-con-full e-flex wpr-particle-no wpr-jarallax-no wpr-parallax-no wpr-sticky-section-no wpr-column-slider-no wpr-equal-height-no e-con e-child\" data-id=\"1a8d12c\" data-element_type=\"container\" data-e-type=\"container\">\n\t\t\t\t<div class=\"elementor-element elementor-element-d9a18db elementor-widget elementor-widget-heading\" data-id=\"d9a18db\" data-element_type=\"widget\" data-e-type=\"widget\" data-widget_type=\"heading.default\">\n\t\t\t\t<div class=\"elementor-widget-container\">\n\t\t\t\t\t<h2 class=\"elementor-heading-title elementor-size-default\">D\u00e9couvrez notre savoir faire :<\/h2>\t\t\t\t<\/div>\n\t\t\t\t<\/div>\n\t\t\t\t<div class=\"elementor-element elementor-element-1f774a9 elementor-widget elementor-widget-button\" data-id=\"1f774a9\" data-element_type=\"widget\" data-e-type=\"widget\" data-widget_type=\"button.default\">\n\t\t\t\t<div class=\"elementor-widget-container\">\n\t\t\t\t\t\t\t\t\t<div class=\"elementor-button-wrapper\">\n\t\t\t\t\t<a class=\"elementor-button elementor-button-link elementor-size-sm elementor-animation-shrink\" href=\"https:\/\/lasdecors.fr\/en\/stands-premium-eco-modulable-nomades\/\">\n\t\t\t\t\t\t<span class=\"elementor-button-content-wrapper\">\n\t\t\t\t\t\t<span class=\"elementor-button-icon\">\n\t\t\t\t<i aria-hidden=\"true\" class=\"far fa-hand-point-right\"><\/i>\t\t\t<\/span>\n\t\t\t\t\t\t\t\t\t<span class=\"elementor-button-text\">OUR EXHIBITION STANDS<\/span>\n\t\t\t\t\t<\/span>\n\t\t\t\t\t<\/a>\n\t\t\t\t<\/div>\n\t\t\t\t\t\t\t\t<\/div>\n\t\t\t\t<\/div>\n\t\t\t\t<\/div>\n\t\t\n<\/div>\n<div class=\"elementor-element elementor-element-1b3696f e-con e-atomic-element e-flexbox-base e-0c66ed9\" data-id=\"1b3696f\" data-element_type=\"e-flexbox\" data-e-type=\"e-flexbox\" data-interaction-id=\"1b3696f\">\n    \t\t<div class=\"elementor-element elementor-element-85342e2 elementor-widget elementor-widget-google_maps\" data-id=\"85342e2\" data-element_type=\"widget\" data-e-type=\"widget\" data-widget_type=\"google_maps.default\">\n\t\t\t\t<div class=\"elementor-widget-container\">\n\t\t\t\t\t\t\t<div class=\"elementor-custom-embed\">\n\t\t\t<iframe loading=\"lazy\"\n\t\t\t\t\tsrc=\"https:\/\/maps.google.com\/maps?q=Paris%20Expo%20-%20Porte%20de%20Versailles&#038;t=m&#038;z=10&#038;output=embed&#038;iwloc=near\"\n\t\t\t\t\ttitle=\"Paris Expo - Porte de Versailles\"\n\t\t\t\t\taria-label=\"Paris Expo - Porte de Versailles\"\n\t\t\t><\/iframe>\n\t\t<\/div>\n\t\t\t\t\t\t<\/div>\n\t\t\t\t<\/div>\n\t\t\n<\/div>\n\t\t<\/div>","protected":false},"excerpt":{"rendered":"<p>Le Salon International de l\u2019Agriculture, c\u2019est le rendez-vous incontournable des professionnels, des producteurs, des d\u00e9cideurs et des \u00e9quipementiers du monde agricole et agroalimentaire. Rendez-vous du 27 f\u00e9vrier au 7 mars 2027 \u00e0 Paris Porte de Versailles.<br \/>\nD\u00e9couvrez comment nous pouvons valoriser votre expertise, vos terroirs et vos innovations en tant que standiste pour le Salon de l&rsquo;Agriculture !<\/p>","protected":false},"author":5,"featured_media":7803,"comment_status":"open","ping_status":"open","sticky":false,"template":"","format":"standard","meta":{"_acf_changed":false,"footnotes":""},"categories":[23,30],"tags":[],"post_folder":[49],"class_list":["post-7791","post","type-post","status-publish","format-standard","has-post-thumbnail","hentry","category-salon","category-salons-fevrier"],"acf":[],"_links":{"self":[{"href":"https:\/\/lasdecors.fr\/en\/wp-json\/wp\/v2\/posts\/7791","targetHints":{"allow":["GET"]}}],"collection":[{"href":"https:\/\/lasdecors.fr\/en\/wp-json\/wp\/v2\/posts"}],"about":[{"href":"https:\/\/lasdecors.fr\/en\/wp-json\/wp\/v2\/types\/post"}],"author":[{"embeddable":true,"href":"https:\/\/lasdecors.fr\/en\/wp-json\/wp\/v2\/users\/5"}],"replies":[{"embeddable":true,"href":"https:\/\/lasdecors.fr\/en\/wp-json\/wp\/v2\/comments?post=7791"}],"version-history":[{"count":19,"href":"https:\/\/lasdecors.fr\/en\/wp-json\/wp\/v2\/posts\/7791\/revisions"}],"predecessor-version":[{"id":7821,"href":"https:\/\/lasdecors.fr\/en\/wp-json\/wp\/v2\/posts\/7791\/revisions\/7821"}],"wp:featuredmedia":[{"embeddable":true,"href":"https:\/\/lasdecors.fr\/en\/wp-json\/wp\/v2\/media\/7803"}],"wp:attachment":[{"href":"https:\/\/lasdecors.fr\/en\/wp-json\/wp\/v2\/media?parent=7791"}],"wp:term":[{"taxonomy":"category","embeddable":true,"href":"https:\/\/lasdecors.fr\/en\/wp-json\/wp\/v2\/categories?post=7791"},{"taxonomy":"post_tag","embeddable":true,"href":"https:\/\/lasdecors.fr\/en\/wp-json\/wp\/v2\/tags?post=7791"},{"taxonomy":"post_folder","embeddable":true,"href":"https:\/\/lasdecors.fr\/en\/wp-json\/wp\/v2\/post_folder?post=7791"}],"curies":[{"name":"wp","href":"https:\/\/api.w.org\/{rel}","templated":true}]}}