{"id":8050,"date":"2026-08-31T09:55:08","date_gmt":"2026-08-31T09:55:08","guid":{"rendered":"https:\/\/lasdecors.fr\/?p=8050"},"modified":"2026-08-31T09:59:07","modified_gmt":"2026-08-31T09:59:07","slug":"standiste-pour-le-pcd","status":"publish","type":"post","link":"https:\/\/lasdecors.fr\/en\/standiste-pour-le-pcd\/","title":{"rendered":"Le PCD 2027"},"content":{"rendered":"<div data-elementor-type=\"wp-post\" data-elementor-id=\"8050\" class=\"elementor elementor-8050\" data-elementor-post-type=\"post\">\n\t\t\t\t<div class=\"elementor-element elementor-element-e2cf7ee e-con e-atomic-element e-flexbox-base e-ebc0795\" data-id=\"e2cf7ee\" data-element_type=\"e-flexbox\" data-e-type=\"e-flexbox\" data-interaction-id=\"e2cf7ee\">\n    \t\t\t<h2 data-interaction-id=\"a2d7f4c\" class=\"e-a2d7f4c-201c2a4 e-heading-base\">L'As D\u00e9cors : Votre standiste pour le PCD<\/h2>\n\t\t\t\t<div class=\"elementor-element elementor-element-599a0c7 elementor-widget elementor-widget-text-editor\" data-id=\"599a0c7\" data-element_type=\"widget\" data-e-type=\"widget\" data-widget_type=\"text-editor.default\">\n\t\t\t\t<div class=\"elementor-widget-container\">\n\t\t\t\t\t\t\t\t\t<p>Vous cherchez un<a href=\"https:\/\/www.parispackagingweek.com\/fr\/pcd\/\" target=\"_blank\" rel=\"noopener\"> <span class=\"notion-enable-hover\" style=\"font-weight: 600;\" data-token-index=\"1\">standiste pour le PCD<\/span><\/a> capable de concevoir un espace d&rsquo;exposition haut de gamme et innovant ? L&rsquo;AS DECORS vous accompagne dans la cr\u00e9ation sur mesure de votre stand pour sublimer vos flaconnages, \u00e9tuis et innovations packaging lors du salon Paris Packaging Week \u00e0 Paris Expo Porte de Versailles.<!-- notionvc: d418f4e6-e62c-4a17-bae9-21f5dc873f24 --><!-- notionvc: 2fd473b4-d980-44ec-81f0-49a257534b7f --><\/p>\t\t\t\t\t\t\t\t<\/div>\n\t\t\t\t<\/div>\n\t\t\n<\/div>\n<div class=\"elementor-element elementor-element-f64758d e-con e-atomic-element e-flexbox-base e-f64758d-ca8f11a\" data-id=\"f64758d\" data-element_type=\"e-flexbox\" data-e-type=\"e-flexbox\" data-interaction-id=\"f64758d\">\n    \t\t\t<h2 data-interaction-id=\"504eb94\" class=\"e-504eb94-a21f921 e-heading-base\">Qu\u2019est-ce que le salon PCD ?<\/h2>\n\t\t\t\t<div class=\"elementor-element elementor-element-cada561 elementor-widget elementor-widget-text-editor\" data-id=\"cada561\" data-element_type=\"widget\" data-e-type=\"widget\" data-widget_type=\"text-editor.default\">\n\t\t\t\t<div class=\"elementor-widget-container\">\n\t\t\t\t\t\t\t\t\t<p>Le salon PCD (<em>Packaging of Perfume, Cosmetics &amp; Design<\/em>) est l&rsquo;\u00e9v\u00e9nement mondial de r\u00e9f\u00e9rence d\u00e9di\u00e9 au packaging des parfums, des cosm\u00e9tiques et des soins personnels. Int\u00e9gr\u00e9 \u00e0 la Paris Packaging Week, il rassemble chaque ann\u00e9e \u00e0 Paris les plus grands acteurs de l&rsquo;industrie : marques de luxe, maisons de parfum, laboratoires cosm\u00e9tiques, fournisseurs d&#8217;emballages, designers et experts de la beaut\u00e9.<\/p><p>C&rsquo;est une vitrine technologique et esth\u00e9tique majeure o\u00f9 se dessinent les tendances de demain, de l&rsquo;\u00e9co-conception au luxe connect\u00e9. Pour capter l&rsquo;attention des acheteurs, directeurs artistiques et responsables R&amp;D des plus grandes marques internationales, faire appel \u00e0 un <strong>standiste pour le PCD<\/strong> exp\u00e9riment\u00e9 est essentiel. L\u2019As D\u00e9cors con\u00e7oit des espaces \u00e9pur\u00e9s et raffin\u00e9s qui mettent en valeur la finesse de vos produits et le savoir-faire de vos \u00e9quipes.<!-- notionvc: 502b51a1-5d62-483f-b167-88506dc3705e --><!-- notionvc: 2fd473b4-d980-44ec-81f0-49a257534b7f --><\/p>\t\t\t\t\t\t\t\t<\/div>\n\t\t\t\t<\/div>\n\t\t\n<\/div>\n<div class=\"elementor-element elementor-element-f5680c4 e-con e-atomic-element e-flexbox-base e-f5680c4-4639f76\" data-id=\"f5680c4\" data-element_type=\"e-flexbox\" data-e-type=\"e-flexbox\" data-interaction-id=\"f5680c4\">\n    \t\t\t<h2 data-interaction-id=\"a651e56\" class=\"e-a651e56-59a82ac e-heading-base\">Pourquoi exposer au PCD ?<\/h2>\n\t\t\t\t<div class=\"elementor-element elementor-element-d587807 elementor-widget elementor-widget-text-editor\" data-id=\"d587807\" data-element_type=\"widget\" data-e-type=\"widget\" data-widget_type=\"text-editor.default\">\n\t\t\t\t<div class=\"elementor-widget-container\">\n\t\t\t\t\t\t\t\t\t<p>Participer au PCD, c\u2019est bien plus qu\u2019exposer sur un salon professionnel : c\u2019est int\u00e9grer l&rsquo;\u00e9cosyst\u00e8me le plus influent du packaging beaut\u00e9 et cosm\u00e9tique. Que vous soyez un fabricant de flacons en verre, un sp\u00e9cialiste du capot de parfum, un imprimeur d&rsquo;\u00e9tuis de luxe ou un d\u00e9veloppeur de solutions rechargeables, le PCD vous offre un acc\u00e8s direct aux d\u00e9cideurs du secteur.<\/p><p>Exposer au PCD vous permet de :<\/p><ul><li><strong>D\u00e9velopper votre visibilit\u00e9<\/strong> aupr\u00e8s des marques mondiales de cosm\u00e9tiques et de parfumerie.<\/li><li><strong>Lancer vos derni\u00e8res innovations<\/strong> technologiques, formules et solutions d&#8217;emballages \u00e9co-con\u00e7us.<\/li><li><strong>Nouer des partenariats strat\u00e9giques<\/strong> avec des donneurs d&rsquo;ordre qualifi\u00e9s et des designers de renom.<\/li><li><strong>Valoriser votre image de marque<\/strong> \u00e0 travers un espace \u00e9l\u00e9gant qui incarne les codes du luxe et du design.<\/li><\/ul><p><!-- notionvc: 3c8f9db5-e365-4e02-87f6-4e29081124df --><!-- notionvc: 2fd473b4-d980-44ec-81f0-49a257534b7f --><\/p><p>Dans cet univers exigeant o\u00f9 le d\u00e9tail fait la diff\u00e9rence, l&rsquo;agencement de votre stand doit refl\u00e9ter l&rsquo;excellence de votre savoir-faire packaging tout en offrant un cadre propice aux rendez-vous d&rsquo;affaires.<\/p>\t\t\t\t\t\t\t\t<\/div>\n\t\t\t\t<\/div>\n\t\t\n<\/div>\n<div class=\"elementor-element elementor-element-30167b3 e-con e-atomic-element e-flexbox-base e-30167b3-3c6864b\" data-id=\"30167b3\" data-element_type=\"e-flexbox\" data-e-type=\"e-flexbox\" data-interaction-id=\"30167b3\">\n    \t\t\t<h2 data-interaction-id=\"2db6556\" class=\"e-2db6556-33c2fdd e-heading-base\">L\u2019As D\u00e9cors : L'agence de design de stand qui valorise vos innovations<\/h2>\n\t\t\t\t<div class=\"elementor-element elementor-element-ded2174 elementor-widget elementor-widget-text-editor\" data-id=\"ded2174\" data-element_type=\"widget\" data-e-type=\"widget\" data-widget_type=\"text-editor.default\">\n\t\t\t\t<div class=\"elementor-widget-container\">\n\t\t\t\t\t\t\t\t\t<p>Chez L\u2019As D\u00e9cors, nous ma\u00eetrisons les codes visuels du secteur de la beaut\u00e9 et du luxe. En tant qu\u2019agence de design et <strong>standiste pour le PCD<\/strong>, nous transformons vos enjeux commerciaux en un concept d&rsquo;exposition percutant et immersif.<\/p><p>Nos \u00e9quipes pluridisciplinaires vous proposent un accompagnement cl\u00e9 en main :<\/p><ul><li><strong>Conception et design sur mesure :<\/strong> Cr\u00e9ation de vitrines \u00e9clair\u00e9es, pr\u00e9sentoirs sur mesure et espaces de d\u00e9monstration adapt\u00e9s \u00e0 la mise en valeur de vos produits packaging.<\/li><li><strong>Mod\u00e9lisation 3D r\u00e9aliste :<\/strong> Validation de l&rsquo;agencement, de la sc\u00e9nographie et des jeux de lumi\u00e8re avant la mise en fabrication.<\/li><li><strong>Fabrication fran\u00e7aise de pr\u00e9cision :<\/strong> Production soign\u00e9e au sein de nos ateliers en France avec des finitions haut de gamme.<\/li><li><strong>Logistique et montage \u00e0 Paris Porte de Versailles :<\/strong> Prise en charge int\u00e9grale du transport, de l&rsquo;installation sur site et du d\u00e9montage.<\/li><\/ul><p>Soucieux des enjeux environnementaux chers \u00e0 l&rsquo;industrie du packaging, nous vous proposons des structures \u00e9co-con\u00e7ues, modulables et r\u00e9utilisables, certifi\u00e9es ISO 20121. Qu&rsquo;il s&rsquo;agisse d&rsquo;un stand \u00e9pur\u00e9 \u00e0 l&rsquo;esprit \u00ab\u00a0laboratoire\u00a0\u00bb ou d&rsquo;un pavillon de luxe immersif, nous adaptons nos cr\u00e9ations \u00e0 vos contraintes techniques et \u00e0 vos objectifs. Contactez votre <strong>standiste pour le PCD<\/strong> d\u00e8s aujourd&rsquo;hui pour concevoir votre futur projet d&rsquo;exposition.<!-- notionvc: e0b73691-1a51-4898-ad99-740473da3911 --><\/p>\t\t\t\t\t\t\t\t<\/div>\n\t\t\t\t<\/div>\n\t\t\n<\/div>\n<div class=\"elementor-element elementor-element-490b77c e-con e-atomic-element e-flexbox-base e-c1450b1\" data-id=\"490b77c\" data-element_type=\"e-flexbox\" data-e-type=\"e-flexbox\" data-interaction-id=\"490b77c\">\n    \t\t\t<h2 data-interaction-id=\"1e12fb9\" class=\"e-1e12fb9-ccdf5ba e-heading-base\">Ce que nous avons d\u00e9j\u00e0 r\u00e9alis\u00e9 sur le PCD :<\/h2>\n\t\t\t\t<div class=\"elementor-element elementor-element-d7e7f06 elementor-widget elementor-widget-gallery\" data-id=\"d7e7f06\" data-element_type=\"widget\" data-e-type=\"widget\" data-settings=\"{&quot;columns&quot;:2,&quot;aspect_ratio&quot;:&quot;4:3&quot;,&quot;gallery_layout&quot;:&quot;grid&quot;,&quot;columns_tablet&quot;:2,&quot;columns_mobile&quot;:1,&quot;gap&quot;:{&quot;unit&quot;:&quot;px&quot;,&quot;size&quot;:10,&quot;sizes&quot;:[]},&quot;gap_tablet&quot;:{&quot;unit&quot;:&quot;px&quot;,&quot;size&quot;:10,&quot;sizes&quot;:[]},&quot;gap_mobile&quot;:{&quot;unit&quot;:&quot;px&quot;,&quot;size&quot;:10,&quot;sizes&quot;:[]},&quot;link_to&quot;:&quot;file&quot;,&quot;content_hover_animation&quot;:&quot;fade-in&quot;}\" data-widget_type=\"gallery.default\">\n\t\t\t\t<div class=\"elementor-widget-container\">\n\t\t\t\t\t\t\t<div class=\"elementor-gallery__container\">\n\t\t\t\t\t\t\t<a class=\"e-gallery-item elementor-gallery-item elementor-animated-content\" href=\"https:\/\/lasdecors.fr\/wp-content\/uploads\/2026\/08\/SAVERGLASS_PPW.jpg\" data-elementor-open-lightbox=\"yes\" data-elementor-lightbox-slideshow=\"d7e7f06\" data-elementor-lightbox-title=\"SAVERGLASS_PCD\" data-e-action-hash=\"#elementor-action%3Aaction%3Dlightbox%26settings%3DeyJpZCI6ODA1NCwidXJsIjoiaHR0cHM6XC9cL2xhc2RlY29ycy5mclwvd3AtY29udGVudFwvdXBsb2Fkc1wvMjAyNlwvMDhcL1NBVkVSR0xBU1NfUFBXLmpwZyIsInNsaWRlc2hvdyI6ImQ3ZTdmMDYifQ%3D%3D\">\n\t\t\t\t\t<div class=\"e-gallery-image elementor-gallery-item__image\" data-thumbnail=\"https:\/\/lasdecors.fr\/wp-content\/uploads\/2026\/08\/SAVERGLASS_PPW-1024x768.jpg\" data-width=\"800\" data-height=\"600\" aria-label=\"\" role=\"img\" ><\/div>\n\t\t\t\t\t\t\t\t\t\t\t\t\t\t<\/a>\n\t\t\t\t\t\t\t<a class=\"e-gallery-item elementor-gallery-item elementor-animated-content\" href=\"https:\/\/lasdecors.fr\/wp-content\/uploads\/2026\/08\/TOLY_PCD.jpg\" data-elementor-open-lightbox=\"yes\" data-elementor-lightbox-slideshow=\"d7e7f06\" data-elementor-lightbox-title=\"TOLY_PCD\" data-e-action-hash=\"#elementor-action%3Aaction%3Dlightbox%26settings%3DeyJpZCI6ODA1MiwidXJsIjoiaHR0cHM6XC9cL2xhc2RlY29ycy5mclwvd3AtY29udGVudFwvdXBsb2Fkc1wvMjAyNlwvMDhcL1RPTFlfUENELmpwZyIsInNsaWRlc2hvdyI6ImQ3ZTdmMDYifQ%3D%3D\">\n\t\t\t\t\t<div class=\"e-gallery-image elementor-gallery-item__image\" data-thumbnail=\"https:\/\/lasdecors.fr\/wp-content\/uploads\/2026\/08\/TOLY_PCD-1024x768.jpg\" data-width=\"800\" data-height=\"600\" aria-label=\"\" role=\"img\" ><\/div>\n\t\t\t\t\t\t\t\t\t\t\t\t\t\t<\/a>\n\t\t\t\t\t<\/div>\n\t\t\t\t\t<\/div>\n\t\t\t\t<\/div>\n\t\t<div class=\"elementor-element elementor-element-b2adc22 e-con-full e-flex wpr-particle-no wpr-jarallax-no wpr-parallax-no wpr-sticky-section-no wpr-column-slider-no wpr-equal-height-no e-con e-child\" data-id=\"b2adc22\" data-element_type=\"container\" data-e-type=\"container\">\n\t\t\t\t<div class=\"elementor-element elementor-element-9983464 elementor-widget elementor-widget-heading\" data-id=\"9983464\" data-element_type=\"widget\" data-e-type=\"widget\" data-widget_type=\"heading.default\">\n\t\t\t\t<div class=\"elementor-widget-container\">\n\t\t\t\t\t<h2 class=\"elementor-heading-title elementor-size-default\">D\u00e9couvrez nos autres r\u00e9alisations :<\/h2>\t\t\t\t<\/div>\n\t\t\t\t<\/div>\n\t\t\t\t<div class=\"elementor-element elementor-element-eccb289 elementor-widget elementor-widget-button\" data-id=\"eccb289\" data-element_type=\"widget\" data-e-type=\"widget\" data-widget_type=\"button.default\">\n\t\t\t\t<div class=\"elementor-widget-container\">\n\t\t\t\t\t\t\t\t\t<div class=\"elementor-button-wrapper\">\n\t\t\t\t\t<a class=\"elementor-button elementor-button-link elementor-size-sm elementor-animation-shrink\" href=\"https:\/\/lasdecors.fr\/en\/stand-premium\/\" target=\"_blank\">\n\t\t\t\t\t\t<span class=\"elementor-button-content-wrapper\">\n\t\t\t\t\t\t<span class=\"elementor-button-icon\">\n\t\t\t\t<i aria-hidden=\"true\" class=\"far fa-images\"><\/i>\t\t\t<\/span>\n\t\t\t\t\t\t\t\t\t<span class=\"elementor-button-text\">PORTFOLIO<\/span>\n\t\t\t\t\t<\/span>\n\t\t\t\t\t<\/a>\n\t\t\t\t<\/div>\n\t\t\t\t\t\t\t\t<\/div>\n\t\t\t\t<\/div>\n\t\t\t\t<\/div>\n\t\t\n<\/div>\n<div class=\"elementor-element elementor-element-7d08552 e-con e-atomic-element e-flexbox-base e-2f97bec\" data-id=\"7d08552\" data-element_type=\"e-flexbox\" data-e-type=\"e-flexbox\" data-interaction-id=\"7d08552\">\n    \t\t<div class=\"elementor-element elementor-element-e3a7713 elementor-widget elementor-widget-heading\" data-id=\"e3a7713\" data-element_type=\"widget\" data-e-type=\"widget\" data-widget_type=\"heading.default\">\n\t\t\t\t<div class=\"elementor-widget-container\">\n\t\t\t\t\t<h2 class=\"elementor-heading-title elementor-size-default\">Pr\u00e9parez votre pr\u00e9sence au sirha avec L\u2019As D\u00e9cors<\/h2>\t\t\t\t<\/div>\n\t\t\t\t<\/div>\n\t\t\t\t<div class=\"elementor-element elementor-element-23873f8 elementor-widget elementor-widget-text-editor\" data-id=\"23873f8\" data-element_type=\"widget\" data-e-type=\"widget\" data-widget_type=\"text-editor.default\">\n\t\t\t\t<div class=\"elementor-widget-container\">\n\t\t\t\t\t\t\t\t\t<p data-pm-slice=\"1 1 []\">Vous pr\u00e9voyez de participer au Sirha ? Anticipez d\u00e8s maintenant votre projet de stand en collaborant avec un partenaire fiable, exp\u00e9riment\u00e9 et engag\u00e9. Chez L\u2019As D\u00e9cors, chaque stand est une cr\u00e9ation unique au service de votre image et de vos performances commerciales.<\/p><p data-pm-slice=\"1 1 []\">Contactez-nous pour \u00e9changer sur votre projet et concevoir ensemble un stand \u00e0 la hauteur de vos ambitions.<\/p>\t\t\t\t\t\t\t\t<\/div>\n\t\t\t\t<\/div>\n\t\t<div class=\"elementor-element elementor-element-1ce6bbe e-con-full e-flex wpr-particle-no wpr-jarallax-no wpr-parallax-no wpr-sticky-section-no wpr-column-slider-no wpr-equal-height-no e-con e-child\" data-id=\"1ce6bbe\" data-element_type=\"container\" data-e-type=\"container\">\n\t\t\t\t<div class=\"elementor-element elementor-element-3ab558a elementor-widget elementor-widget-heading\" data-id=\"3ab558a\" data-element_type=\"widget\" data-e-type=\"widget\" data-widget_type=\"heading.default\">\n\t\t\t\t<div class=\"elementor-widget-container\">\n\t\t\t\t\t<h2 class=\"elementor-heading-title elementor-size-default\">D\u00e9couvrez notre savoir faire :<\/h2>\t\t\t\t<\/div>\n\t\t\t\t<\/div>\n\t\t\t\t<div class=\"elementor-element elementor-element-1532074 elementor-widget elementor-widget-button\" data-id=\"1532074\" data-element_type=\"widget\" data-e-type=\"widget\" data-widget_type=\"button.default\">\n\t\t\t\t<div class=\"elementor-widget-container\">\n\t\t\t\t\t\t\t\t\t<div class=\"elementor-button-wrapper\">\n\t\t\t\t\t<a class=\"elementor-button elementor-button-link elementor-size-sm elementor-animation-shrink\" href=\"https:\/\/lasdecors.fr\/en\/stands-premium-eco-modulable-nomades\/\">\n\t\t\t\t\t\t<span class=\"elementor-button-content-wrapper\">\n\t\t\t\t\t\t<span class=\"elementor-button-icon\">\n\t\t\t\t<i aria-hidden=\"true\" class=\"far fa-hand-point-right\"><\/i>\t\t\t<\/span>\n\t\t\t\t\t\t\t\t\t<span class=\"elementor-button-text\">OUR EXHIBITION STANDS<\/span>\n\t\t\t\t\t<\/span>\n\t\t\t\t\t<\/a>\n\t\t\t\t<\/div>\n\t\t\t\t\t\t\t\t<\/div>\n\t\t\t\t<\/div>\n\t\t\t\t<\/div>\n\t\t\t\t<div class=\"elementor-element elementor-element-84485b4 elementor-widget elementor-widget-google_maps\" data-id=\"84485b4\" data-element_type=\"widget\" data-e-type=\"widget\" data-widget_type=\"google_maps.default\">\n\t\t\t\t<div class=\"elementor-widget-container\">\n\t\t\t\t\t\t\t<div class=\"elementor-custom-embed\">\n\t\t\t<iframe loading=\"lazy\"\n\t\t\t\t\tsrc=\"https:\/\/maps.google.com\/maps?q=Paris%20expo%20porte%20de%20versailles&#038;t=m&#038;z=10&#038;output=embed&#038;iwloc=near\"\n\t\t\t\t\ttitle=\"Paris expo porte de versailles\"\n\t\t\t\t\taria-label=\"Paris expo porte de versailles\"\n\t\t\t><\/iframe>\n\t\t<\/div>\n\t\t\t\t\t\t<\/div>\n\t\t\t\t<\/div>\n\t\t\n<\/div>\n\t\t<\/div>","protected":false},"excerpt":{"rendered":"<p>PCD Paris\u00a0est le salon qui d\u00e9finit\u00a0l\u2019innovation et le design du packaging\u00a0pour le march\u00e9 mondial de la\u00a0beaut\u00e9\u00a0et des\u00a0soins personnels. Du 3 au 4 f\u00e9vrier \u00e0 Paris Expo Porte de Versailles. Retrouvez comment nous pouvons vous aider en tant que standiste pour le PCD !<\/p>","protected":false},"author":5,"featured_media":8052,"comment_status":"open","ping_status":"open","sticky":false,"template":"","format":"standard","meta":{"_acf_changed":false,"footnotes":""},"categories":[23,30],"tags":[],"post_folder":[],"class_list":["post-8050","post","type-post","status-publish","format-standard","has-post-thumbnail","hentry","category-salon","category-salons-fevrier"],"acf":[],"_links":{"self":[{"href":"https:\/\/lasdecors.fr\/en\/wp-json\/wp\/v2\/posts\/8050","targetHints":{"allow":["GET"]}}],"collection":[{"href":"https:\/\/lasdecors.fr\/en\/wp-json\/wp\/v2\/posts"}],"about":[{"href":"https:\/\/lasdecors.fr\/en\/wp-json\/wp\/v2\/types\/post"}],"author":[{"embeddable":true,"href":"https:\/\/lasdecors.fr\/en\/wp-json\/wp\/v2\/users\/5"}],"replies":[{"embeddable":true,"href":"https:\/\/lasdecors.fr\/en\/wp-json\/wp\/v2\/comments?post=8050"}],"version-history":[{"count":10,"href":"https:\/\/lasdecors.fr\/en\/wp-json\/wp\/v2\/posts\/8050\/revisions"}],"predecessor-version":[{"id":8063,"href":"https:\/\/lasdecors.fr\/en\/wp-json\/wp\/v2\/posts\/8050\/revisions\/8063"}],"wp:featuredmedia":[{"embeddable":true,"href":"https:\/\/lasdecors.fr\/en\/wp-json\/wp\/v2\/media\/8052"}],"wp:attachment":[{"href":"https:\/\/lasdecors.fr\/en\/wp-json\/wp\/v2\/media?parent=8050"}],"wp:term":[{"taxonomy":"category","embeddable":true,"href":"https:\/\/lasdecors.fr\/en\/wp-json\/wp\/v2\/categories?post=8050"},{"taxonomy":"post_tag","embeddable":true,"href":"https:\/\/lasdecors.fr\/en\/wp-json\/wp\/v2\/tags?post=8050"},{"taxonomy":"post_folder","embeddable":true,"href":"https:\/\/lasdecors.fr\/en\/wp-json\/wp\/v2\/post_folder?post=8050"}],"curies":[{"name":"wp","href":"https:\/\/api.w.org\/{rel}","templated":true}]}}